{"id":29759,"date":"2025-01-11T02:02:51","date_gmt":"2025-01-11T02:02:51","guid":{"rendered":"https:\/\/icoinformativo.mx\/home\/?p=29759"},"modified":"2025-01-11T02:02:51","modified_gmt":"2025-01-11T02:02:51","slug":"el-sector-ganadero-no-esta-solo-hoy-tienen-una-autoridad-presente-andres-carballo-cordova","status":"publish","type":"post","link":"https:\/\/icoinformativo.mx\/home\/?p=29759","title":{"rendered":"El sector ganadero no est\u00e1 solo, hoy tienen una autoridad presente: Andr\u00e9s Carballo C\u00f3rdova"},"content":{"rendered":"<p>&nbsp;<\/p>\n<p>El Alcalde, Mtro. Andr\u00e9s Carballo C\u00f3rdova, particip\u00f3 en la reuni\u00f3n de trabajo \u00abCero Impunidad\u00bb con ganaderos de la zona norte de Chiapas. Durante la reuni\u00f3n, expres\u00f3 su compromiso de trabajar en materia de seguridad de la mano con los tres niveles de gobierno para garantizar una mayor seguridad en el municipio. Adem\u00e1s, agradeci\u00f3 al Gobernador del estado de Chiapas, Dr. Eduardo Ram\u00edrez Aguilar, por el respaldo brindado a su gobierno municipal.<\/p>\n<p>&nbsp;<\/p>\n<p>El Fiscal General del Estado, Jorge Luis Llaven Abarca, y el Secretario de Seguridad del Pueblo, \u00d3scar Alberto Aparicio Avenda\u00f1o, sostuvieron una reuni\u00f3n de trabajo con representantes del sector ganadero de la regi\u00f3n norte, en el municipio de Pichucalco. Tambi\u00e9n estuvo presente el Secretario de Agricultura, Ganader\u00eda y Pesca, Marco Antonio Barba Arrocha.<\/p>\n<p>&nbsp;<\/p>\n<p>Jorge Llaven asegur\u00f3 que se combatir\u00e1 firmemente los delitos de abigeato y de despojo, reconociendo que estos delitos afectan significativamente a este sector productivo. Asimismo, convoc\u00f3 a todos a sumar fuerzas con el gobierno de Eduardo Ram\u00edrez para cambiar el rostro de Chiapas.<\/p>\n<p>&nbsp;<\/p>\n<p>\u00abLo primero que estamos haciendo, como lo ha instruido el gobernador Eduardo Ram\u00edrez, es garantizar la seguridad en las zonas m\u00e1s dif\u00edciles. En el norte y en todo el estado debe haber paz. No hemos ganado la batalla, pero estamos en el inicio de una nueva era de esperanza, progreso y bienestar,\u00bb concluy\u00f3.<\/p>\n<p>&nbsp;<\/p>\n<p>\u00a1Acciones que Contribuyen al Cambio!<\/p>\n","protected":false},"excerpt":{"rendered":"<p>&nbsp; El Alcalde, Mtro. Andr\u00e9s Carballo C\u00f3rdova, particip\u00f3 en la reuni\u00f3n de trabajo \u00abCero Impunidad\u00bb&#8230;<\/p>\n","protected":false},"author":2,"featured_media":29760,"comment_status":"closed","ping_status":"closed","sticky":false,"template":"","format":"standard","meta":{"_joinchat":[],"footnotes":""},"categories":[18,1,2,3],"tags":[],"class_list":["post-29759","post","type-post","status-publish","format-standard","has-post-thumbnail","hentry","category-almomento","category-boletin","category-estado","category-health"],"_links":{"self":[{"href":"https:\/\/icoinformativo.mx\/home\/index.php?rest_route=\/wp\/v2\/posts\/29759","targetHints":{"allow":["GET"]}}],"collection":[{"href":"https:\/\/icoinformativo.mx\/home\/index.php?rest_route=\/wp\/v2\/posts"}],"about":[{"href":"https:\/\/icoinformativo.mx\/home\/index.php?rest_route=\/wp\/v2\/types\/post"}],"author":[{"embeddable":true,"href":"https:\/\/icoinformativo.mx\/home\/index.php?rest_route=\/wp\/v2\/users\/2"}],"replies":[{"embeddable":true,"href":"https:\/\/icoinformativo.mx\/home\/index.php?rest_route=%2Fwp%2Fv2%2Fcomments&post=29759"}],"version-history":[{"count":1,"href":"https:\/\/icoinformativo.mx\/home\/index.php?rest_route=\/wp\/v2\/posts\/29759\/revisions"}],"predecessor-version":[{"id":29761,"href":"https:\/\/icoinformativo.mx\/home\/index.php?rest_route=\/wp\/v2\/posts\/29759\/revisions\/29761"}],"wp:featuredmedia":[{"embeddable":true,"href":"https:\/\/icoinformativo.mx\/home\/index.php?rest_route=\/wp\/v2\/media\/29760"}],"wp:attachment":[{"href":"https:\/\/icoinformativo.mx\/home\/index.php?rest_route=%2Fwp%2Fv2%2Fmedia&parent=29759"}],"wp:term":[{"taxonomy":"category","embeddable":true,"href":"https:\/\/icoinformativo.mx\/home\/index.php?rest_route=%2Fwp%2Fv2%2Fcategories&post=29759"},{"taxonomy":"post_tag","embeddable":true,"href":"https:\/\/icoinformativo.mx\/home\/index.php?rest_route=%2Fwp%2Fv2%2Ftags&post=29759"}],"curies":[{"name":"wp","href":"https:\/\/api.w.org\/{rel}","templated":true}]}}