{"id":29753,"date":"2025-01-11T01:55:01","date_gmt":"2025-01-11T01:55:01","guid":{"rendered":"https:\/\/icoinformativo.mx\/home\/?p=29753"},"modified":"2025-01-11T01:55:01","modified_gmt":"2025-01-11T01:55:01","slug":"ayuntamiento-de-ixtacomitan-invita-a-celebrar-el-dia-de-reyes","status":"publish","type":"post","link":"https:\/\/icoinformativo.mx\/home\/?p=29753","title":{"rendered":"Ayuntamiento de Ixtacomit\u00e1n invita a celebrar el D\u00eda de Reyes"},"content":{"rendered":"<p>El presidente municipal de Ixtacomit\u00e1n, Miguel \u00c1ngel Moreno Palacios, te invita a celebrar el D\u00eda de Reyes en la Plaza Central de Ixtacomit\u00e1n el 11 de enero a las 6:00 pm. Prep\u00e1rate para una tarde llena de diversi\u00f3n, alegr\u00eda y sorpresas para los m\u00e1s peque\u00f1os.<\/p>\n<p>&nbsp;<\/p>\n<p>Habr\u00e1 entrega de regalos, dulces y pi\u00f1atas, as\u00ed como actividades y sorpresas especiales para los ni\u00f1os. Adem\u00e1s, se partir\u00e1 la tradicional rosca de Reyes, un s\u00edmbolo de la uni\u00f3n y la alegr\u00eda en esta fecha tan especial.<\/p>\n<p>&nbsp;<\/p>\n<p>No te pierdas la oportunidad de compartir esta hermosa tradici\u00f3n con tu familia y amigos. \u00a1Ven y \u00fanete a la celebraci\u00f3n! \u00b9<\/p>\n","protected":false},"excerpt":{"rendered":"<p>El presidente municipal de Ixtacomit\u00e1n, Miguel \u00c1ngel Moreno Palacios, te invita a celebrar el D\u00eda&#8230;<\/p>\n","protected":false},"author":2,"featured_media":29754,"comment_status":"closed","ping_status":"closed","sticky":false,"template":"","format":"standard","meta":{"_joinchat":[],"footnotes":""},"categories":[18,1,2,3],"tags":[],"class_list":["post-29753","post","type-post","status-publish","format-standard","has-post-thumbnail","hentry","category-almomento","category-boletin","category-estado","category-health"],"_links":{"self":[{"href":"https:\/\/icoinformativo.mx\/home\/index.php?rest_route=\/wp\/v2\/posts\/29753","targetHints":{"allow":["GET"]}}],"collection":[{"href":"https:\/\/icoinformativo.mx\/home\/index.php?rest_route=\/wp\/v2\/posts"}],"about":[{"href":"https:\/\/icoinformativo.mx\/home\/index.php?rest_route=\/wp\/v2\/types\/post"}],"author":[{"embeddable":true,"href":"https:\/\/icoinformativo.mx\/home\/index.php?rest_route=\/wp\/v2\/users\/2"}],"replies":[{"embeddable":true,"href":"https:\/\/icoinformativo.mx\/home\/index.php?rest_route=%2Fwp%2Fv2%2Fcomments&post=29753"}],"version-history":[{"count":1,"href":"https:\/\/icoinformativo.mx\/home\/index.php?rest_route=\/wp\/v2\/posts\/29753\/revisions"}],"predecessor-version":[{"id":29755,"href":"https:\/\/icoinformativo.mx\/home\/index.php?rest_route=\/wp\/v2\/posts\/29753\/revisions\/29755"}],"wp:featuredmedia":[{"embeddable":true,"href":"https:\/\/icoinformativo.mx\/home\/index.php?rest_route=\/wp\/v2\/media\/29754"}],"wp:attachment":[{"href":"https:\/\/icoinformativo.mx\/home\/index.php?rest_route=%2Fwp%2Fv2%2Fmedia&parent=29753"}],"wp:term":[{"taxonomy":"category","embeddable":true,"href":"https:\/\/icoinformativo.mx\/home\/index.php?rest_route=%2Fwp%2Fv2%2Fcategories&post=29753"},{"taxonomy":"post_tag","embeddable":true,"href":"https:\/\/icoinformativo.mx\/home\/index.php?rest_route=%2Fwp%2Fv2%2Ftags&post=29753"}],"curies":[{"name":"wp","href":"https:\/\/api.w.org\/{rel}","templated":true}]}}