{"id":29743,"date":"2025-01-10T05:02:03","date_gmt":"2025-01-10T05:02:03","guid":{"rendered":"https:\/\/icoinformativo.mx\/home\/?p=29743"},"modified":"2025-01-10T05:02:03","modified_gmt":"2025-01-10T05:02:03","slug":"instalan-comite-de-salud-municipal-en-chilon-para-fortalecer-estrategias-preventivas","status":"publish","type":"post","link":"https:\/\/icoinformativo.mx\/home\/?p=29743","title":{"rendered":"Instalan Comit\u00e9 de Salud Municipal en Chil\u00f3n para fortalecer estrategias preventivas"},"content":{"rendered":"<p>&nbsp;<\/p>\n<p>En un esfuerzo por mejorar las condiciones de salud en el municipio de Chil\u00f3n, se llev\u00f3 a cabo la reuni\u00f3n y toma de protesta del Comit\u00e9 de Salud Municipal, con la participaci\u00f3n de instituciones clave como el Distrito de Salud No. IX, coordinaci\u00f3n de salud municipal, Oficial\u00eda Mayor, la Secretar\u00eda de Salud de Chil\u00f3n, el Unidad de Salud CESSA Chil\u00f3n, IMSS OPD Bienestar, IMSS Bienestar, Protecci\u00f3n Civil de Chil\u00f3n, la Cruz Roja y el delegado regional de Protecci\u00f3n Civil.<\/p>\n<p>&nbsp;<\/p>\n<p>Durante la reuni\u00f3n, se abordaron temas fundamentales para la prevenci\u00f3n de enfermedades, tanto comunes como no comunes, as\u00ed como la importancia de la detecci\u00f3n temprana de padecimientos. Asimismo, se discutieron estrategias para combatir enfermedades transmitidas por mosquitos, subrayando la necesidad de sensibilizar a la poblaci\u00f3n sobre los riesgos que representan y las medidas preventivas que se deben adoptar.<\/p>\n<p>&nbsp;<\/p>\n<p>En representaci\u00f3n del alcalde, Prof. Mario Hern\u00e1ndez Aguilar, el primer regidor del Ayuntamiento, Prof. Armando Balam Pech, reafirm\u00f3 el compromiso de la administraci\u00f3n municipal con el bienestar de la comunidad. En su mensaje, destac\u00f3 la importancia de trabajar de manera coordinada entre las instituciones y la poblaci\u00f3n para fomentar h\u00e1bitos saludables, el deporte y la vida activa como pilares para una mejor calidad de vida.<\/p>\n<p>&nbsp;<\/p>\n<p>Con estas acciones, el Comit\u00e9 de Salud Municipal se posiciona como un actor clave para garantizar la atenci\u00f3n integral a la salud en Chil\u00f3n, impulsando programas y campa\u00f1as preventivas que beneficien a todas las comunidades del municipio.<\/p>\n<p>&nbsp;<\/p>\n<p>#Chil\u00f3nSomosTodos<\/p>\n","protected":false},"excerpt":{"rendered":"<p>&nbsp; En un esfuerzo por mejorar las condiciones de salud en el municipio de Chil\u00f3n,&#8230;<\/p>\n","protected":false},"author":2,"featured_media":29744,"comment_status":"closed","ping_status":"closed","sticky":false,"template":"","format":"standard","meta":{"_joinchat":[],"footnotes":""},"categories":[18,1,2,3],"tags":[],"class_list":["post-29743","post","type-post","status-publish","format-standard","has-post-thumbnail","hentry","category-almomento","category-boletin","category-estado","category-health"],"_links":{"self":[{"href":"https:\/\/icoinformativo.mx\/home\/index.php?rest_route=\/wp\/v2\/posts\/29743","targetHints":{"allow":["GET"]}}],"collection":[{"href":"https:\/\/icoinformativo.mx\/home\/index.php?rest_route=\/wp\/v2\/posts"}],"about":[{"href":"https:\/\/icoinformativo.mx\/home\/index.php?rest_route=\/wp\/v2\/types\/post"}],"author":[{"embeddable":true,"href":"https:\/\/icoinformativo.mx\/home\/index.php?rest_route=\/wp\/v2\/users\/2"}],"replies":[{"embeddable":true,"href":"https:\/\/icoinformativo.mx\/home\/index.php?rest_route=%2Fwp%2Fv2%2Fcomments&post=29743"}],"version-history":[{"count":1,"href":"https:\/\/icoinformativo.mx\/home\/index.php?rest_route=\/wp\/v2\/posts\/29743\/revisions"}],"predecessor-version":[{"id":29745,"href":"https:\/\/icoinformativo.mx\/home\/index.php?rest_route=\/wp\/v2\/posts\/29743\/revisions\/29745"}],"wp:featuredmedia":[{"embeddable":true,"href":"https:\/\/icoinformativo.mx\/home\/index.php?rest_route=\/wp\/v2\/media\/29744"}],"wp:attachment":[{"href":"https:\/\/icoinformativo.mx\/home\/index.php?rest_route=%2Fwp%2Fv2%2Fmedia&parent=29743"}],"wp:term":[{"taxonomy":"category","embeddable":true,"href":"https:\/\/icoinformativo.mx\/home\/index.php?rest_route=%2Fwp%2Fv2%2Fcategories&post=29743"},{"taxonomy":"post_tag","embeddable":true,"href":"https:\/\/icoinformativo.mx\/home\/index.php?rest_route=%2Fwp%2Fv2%2Ftags&post=29743"}],"curies":[{"name":"wp","href":"https:\/\/api.w.org\/{rel}","templated":true}]}}