{"id":29740,"date":"2025-01-10T04:57:42","date_gmt":"2025-01-10T04:57:42","guid":{"rendered":"https:\/\/icoinformativo.mx\/home\/?p=29740"},"modified":"2025-01-10T04:57:42","modified_gmt":"2025-01-10T04:57:42","slug":"ssp-y-fge-detienen-a-masculinos-que-intentaron-darse-a-la-fuga-en-comitan","status":"publish","type":"post","link":"https:\/\/icoinformativo.mx\/home\/?p=29740","title":{"rendered":"SSP Y FGE detienen a masculinos que intentaron darse a la fuga en Comit\u00e1n"},"content":{"rendered":"<p>&nbsp;<\/p>\n<p>La Fuerza de Reacci\u00f3n Inmediata Pakal (FRIP) y la Polic\u00eda Estatal Preventiva (PEP) de la Secretar\u00eda de Seguridad del Pueblo (SSP), en coordinaci\u00f3n con la Polic\u00eda de Investigaci\u00f3n (PDI), de la Fiscal\u00eda General del Estado (FGE), detuvieron a una camioneta que intent\u00f3 darse a la fuga en Comit\u00e1n de Dominguez.<\/p>\n<p>&nbsp;<\/p>\n<p>En el tramo carretero Comalapa-Comit\u00e1n, se detect\u00f3 una camioneta que evadi\u00f3 un filtro de seguridad de la aduana y, al intentar detenerla, el veh\u00edculo circul\u00f3 a exceso de velocidad en sentido contrario, impactando contra un veh\u00edculo blindado.<\/p>\n<p>&nbsp;<\/p>\n<p>Se logr\u00f3 detener a dos personas, identificadas como Jos\u00e9 Alfredo \u201cN\u201d y Hector \u201cN\u201d, ambos de nacionalidad mexicana.<\/p>\n<p>&nbsp;<\/p>\n<p>Entre los objetos asegurados se encuentran una camioneta Dodge RAM 1500, de color negro, as\u00ed como 16 c\u00e1psulas de presunta droga de color azul con la leyenda \u00abColombia\u00bb y 5 pastillas de color verde claro en un pastillero.<\/p>\n<p>&nbsp;<\/p>\n<p>Los detenidos y los objetos asegurados quedaron a disposici\u00f3n de la Fiscal\u00eda General del Estado para determinar su situaci\u00f3n jur\u00eddica.<\/p>\n<p>&nbsp;<\/p>\n<p>Con estas acciones, la Secretar\u00eda de Seguridad del Pueblo reitera su compromiso de continuar con operativos que permitan vigilar a la poblaci\u00f3n en todo momento.<\/p>\n","protected":false},"excerpt":{"rendered":"<p>&nbsp; La Fuerza de Reacci\u00f3n Inmediata Pakal (FRIP) y la Polic\u00eda Estatal Preventiva (PEP) de&#8230;<\/p>\n","protected":false},"author":2,"featured_media":29741,"comment_status":"closed","ping_status":"closed","sticky":false,"template":"","format":"standard","meta":{"_joinchat":[],"footnotes":""},"categories":[18,1,2,3],"tags":[],"class_list":["post-29740","post","type-post","status-publish","format-standard","has-post-thumbnail","hentry","category-almomento","category-boletin","category-estado","category-health"],"_links":{"self":[{"href":"https:\/\/icoinformativo.mx\/home\/index.php?rest_route=\/wp\/v2\/posts\/29740","targetHints":{"allow":["GET"]}}],"collection":[{"href":"https:\/\/icoinformativo.mx\/home\/index.php?rest_route=\/wp\/v2\/posts"}],"about":[{"href":"https:\/\/icoinformativo.mx\/home\/index.php?rest_route=\/wp\/v2\/types\/post"}],"author":[{"embeddable":true,"href":"https:\/\/icoinformativo.mx\/home\/index.php?rest_route=\/wp\/v2\/users\/2"}],"replies":[{"embeddable":true,"href":"https:\/\/icoinformativo.mx\/home\/index.php?rest_route=%2Fwp%2Fv2%2Fcomments&post=29740"}],"version-history":[{"count":1,"href":"https:\/\/icoinformativo.mx\/home\/index.php?rest_route=\/wp\/v2\/posts\/29740\/revisions"}],"predecessor-version":[{"id":29742,"href":"https:\/\/icoinformativo.mx\/home\/index.php?rest_route=\/wp\/v2\/posts\/29740\/revisions\/29742"}],"wp:featuredmedia":[{"embeddable":true,"href":"https:\/\/icoinformativo.mx\/home\/index.php?rest_route=\/wp\/v2\/media\/29741"}],"wp:attachment":[{"href":"https:\/\/icoinformativo.mx\/home\/index.php?rest_route=%2Fwp%2Fv2%2Fmedia&parent=29740"}],"wp:term":[{"taxonomy":"category","embeddable":true,"href":"https:\/\/icoinformativo.mx\/home\/index.php?rest_route=%2Fwp%2Fv2%2Fcategories&post=29740"},{"taxonomy":"post_tag","embeddable":true,"href":"https:\/\/icoinformativo.mx\/home\/index.php?rest_route=%2Fwp%2Fv2%2Ftags&post=29740"}],"curies":[{"name":"wp","href":"https:\/\/api.w.org\/{rel}","templated":true}]}}