{"id":29731,"date":"2025-01-10T04:48:35","date_gmt":"2025-01-10T04:48:35","guid":{"rendered":"https:\/\/icoinformativo.mx\/home\/?p=29731"},"modified":"2025-01-10T04:48:35","modified_gmt":"2025-01-10T04:48:35","slug":"reconoce-eduardo-ramirez-respaldo-de-las-fuerzas-armadas-para-garantizar-resultados-en-materia-de-seguridad-en-chiapas","status":"publish","type":"post","link":"https:\/\/icoinformativo.mx\/home\/?p=29731","title":{"rendered":"Reconoce Eduardo Ram\u00edrez respaldo de las Fuerzas Armadas para garantizar resultados en materia de seguridad en Chiapas"},"content":{"rendered":"<p>&nbsp;<\/p>\n<p>* El gobernador se reuni\u00f3 con el secretario de la Defensa Nacional, Ricardo Trevilla Trejo, y el comandante de la VII Regi\u00f3n Militar, Jos\u00e9 Joaqu\u00edn Jim\u00e9nez Cueto<\/p>\n<p>&nbsp;<\/p>\n<p>Tras la puesta en marcha de la Estrategia de Construcci\u00f3n de Paz en Chiapas, el gobernador Eduardo Ram\u00edrez Aguilar destac\u00f3 que, gracias al respaldo de las Fuerzas Armadas, quienes trabajan de la mano con la presidenta de la Rep\u00fablica, Claudia Sheinbaum Pardo, se est\u00e1n atendiendo de manera contundente las causas que generan violencia y desigualdad social en el estado.<\/p>\n<p>&nbsp;<\/p>\n<p>Al reunirse con el secretario de la Defensa Nacional, Ricardo Trevilla Trejo, y el comandante de la VII Regi\u00f3n Militar, Jos\u00e9 Joaqu\u00edn Jim\u00e9nez Cueto, el mandatario estatal refrend\u00f3 su compromiso de seguir trabajando de manera conjunta pues, gracias a esta cooperaci\u00f3n, en los primeros 30 d\u00edas se han logrado resultados tangibles en la entidad, como la disminuci\u00f3n de los delitos de alto impacto.<\/p>\n<p>&nbsp;<\/p>\n<p>En el encuentro, llevado a cabo en las instalaciones de la Secretar\u00eda de la Defensa Nacional, Ram\u00edrez Aguilar reconoci\u00f3 la destacada labor de las Fuerzas Armadas, as\u00ed como su compromiso hist\u00f3rico con la defensa de la soberan\u00eda, la protecci\u00f3n de la ciudadan\u00eda y la promoci\u00f3n de la paz y la seguridad, en la entidad chiapaneca y en el pa\u00eds.<\/p>\n<p>&nbsp;<\/p>\n<p>Finalmente, el gobernador Eduardo Ram\u00edrez reconoci\u00f3 el acompa\u00f1amiento permanente de las instituciones federales en la estrategia de seguridad implementada por su administraci\u00f3n para consolidar a Chiapas el estado m\u00e1s seguro para vivir.<\/p>\n","protected":false},"excerpt":{"rendered":"<p>&nbsp; * El gobernador se reuni\u00f3 con el secretario de la Defensa Nacional, Ricardo Trevilla&#8230;<\/p>\n","protected":false},"author":2,"featured_media":29732,"comment_status":"closed","ping_status":"closed","sticky":false,"template":"","format":"standard","meta":{"_joinchat":[],"footnotes":""},"categories":[18,1,2,3],"tags":[],"class_list":["post-29731","post","type-post","status-publish","format-standard","has-post-thumbnail","hentry","category-almomento","category-boletin","category-estado","category-health"],"_links":{"self":[{"href":"https:\/\/icoinformativo.mx\/home\/index.php?rest_route=\/wp\/v2\/posts\/29731","targetHints":{"allow":["GET"]}}],"collection":[{"href":"https:\/\/icoinformativo.mx\/home\/index.php?rest_route=\/wp\/v2\/posts"}],"about":[{"href":"https:\/\/icoinformativo.mx\/home\/index.php?rest_route=\/wp\/v2\/types\/post"}],"author":[{"embeddable":true,"href":"https:\/\/icoinformativo.mx\/home\/index.php?rest_route=\/wp\/v2\/users\/2"}],"replies":[{"embeddable":true,"href":"https:\/\/icoinformativo.mx\/home\/index.php?rest_route=%2Fwp%2Fv2%2Fcomments&post=29731"}],"version-history":[{"count":1,"href":"https:\/\/icoinformativo.mx\/home\/index.php?rest_route=\/wp\/v2\/posts\/29731\/revisions"}],"predecessor-version":[{"id":29733,"href":"https:\/\/icoinformativo.mx\/home\/index.php?rest_route=\/wp\/v2\/posts\/29731\/revisions\/29733"}],"wp:featuredmedia":[{"embeddable":true,"href":"https:\/\/icoinformativo.mx\/home\/index.php?rest_route=\/wp\/v2\/media\/29732"}],"wp:attachment":[{"href":"https:\/\/icoinformativo.mx\/home\/index.php?rest_route=%2Fwp%2Fv2%2Fmedia&parent=29731"}],"wp:term":[{"taxonomy":"category","embeddable":true,"href":"https:\/\/icoinformativo.mx\/home\/index.php?rest_route=%2Fwp%2Fv2%2Fcategories&post=29731"},{"taxonomy":"post_tag","embeddable":true,"href":"https:\/\/icoinformativo.mx\/home\/index.php?rest_route=%2Fwp%2Fv2%2Ftags&post=29731"}],"curies":[{"name":"wp","href":"https:\/\/api.w.org\/{rel}","templated":true}]}}