{"id":29728,"date":"2025-01-10T04:44:31","date_gmt":"2025-01-10T04:44:31","guid":{"rendered":"https:\/\/icoinformativo.mx\/home\/?p=29728"},"modified":"2025-01-10T04:44:31","modified_gmt":"2025-01-10T04:44:31","slug":"cumple-pedro-ramirez-a-familias-de-colonias-populares","status":"publish","type":"post","link":"https:\/\/icoinformativo.mx\/home\/?p=29728","title":{"rendered":"Cumple Pedro Ramirez a familias de Colonias populares"},"content":{"rendered":"<p>&nbsp;<\/p>\n<p>Esta ma\u00f1ana el presidente municipal Pedro Ram\u00edrez Ramos encabez\u00f3 la supervisi\u00f3n de los trabajos de rastreo, engravado y cuneteo de calles de la citada colonia.<\/p>\n<p>Ah\u00ed, el presidente municipal dijo que durante tres a\u00f1os, las colonias populares de Reforma estuvieron completamente abandonadas, sus calles eran intransitables y el transporte p\u00fablico se negaba a ingresar debido a su mal estado.<\/p>\n<p>A escasos 100 d\u00edas de gobierno, esta administraci\u00f3n que atiende, el Ayuntamiento cumple su compromiso con los habitantes de las colonias populares.<\/p>\n<p>Llevando a cabo la supervisi\u00f3n personal del engravado, compactado y cuneteo de sus calles, dando resultados concretos a los habitantes de Reforma<\/p>\n<p>Por su parte, vecinos presentes agradecieron la disponibilidad y el compromiso de hacer bien las cosas.<\/p>\n<p>\u00a1A Reforma, llego lo bueno!<\/p>\n","protected":false},"excerpt":{"rendered":"<p>&nbsp; Esta ma\u00f1ana el presidente municipal Pedro Ram\u00edrez Ramos encabez\u00f3 la supervisi\u00f3n de los trabajos&#8230;<\/p>\n","protected":false},"author":2,"featured_media":29729,"comment_status":"closed","ping_status":"closed","sticky":false,"template":"","format":"standard","meta":{"_joinchat":[],"footnotes":""},"categories":[18,1,2,3],"tags":[],"class_list":["post-29728","post","type-post","status-publish","format-standard","has-post-thumbnail","hentry","category-almomento","category-boletin","category-estado","category-health"],"_links":{"self":[{"href":"https:\/\/icoinformativo.mx\/home\/index.php?rest_route=\/wp\/v2\/posts\/29728","targetHints":{"allow":["GET"]}}],"collection":[{"href":"https:\/\/icoinformativo.mx\/home\/index.php?rest_route=\/wp\/v2\/posts"}],"about":[{"href":"https:\/\/icoinformativo.mx\/home\/index.php?rest_route=\/wp\/v2\/types\/post"}],"author":[{"embeddable":true,"href":"https:\/\/icoinformativo.mx\/home\/index.php?rest_route=\/wp\/v2\/users\/2"}],"replies":[{"embeddable":true,"href":"https:\/\/icoinformativo.mx\/home\/index.php?rest_route=%2Fwp%2Fv2%2Fcomments&post=29728"}],"version-history":[{"count":1,"href":"https:\/\/icoinformativo.mx\/home\/index.php?rest_route=\/wp\/v2\/posts\/29728\/revisions"}],"predecessor-version":[{"id":29730,"href":"https:\/\/icoinformativo.mx\/home\/index.php?rest_route=\/wp\/v2\/posts\/29728\/revisions\/29730"}],"wp:featuredmedia":[{"embeddable":true,"href":"https:\/\/icoinformativo.mx\/home\/index.php?rest_route=\/wp\/v2\/media\/29729"}],"wp:attachment":[{"href":"https:\/\/icoinformativo.mx\/home\/index.php?rest_route=%2Fwp%2Fv2%2Fmedia&parent=29728"}],"wp:term":[{"taxonomy":"category","embeddable":true,"href":"https:\/\/icoinformativo.mx\/home\/index.php?rest_route=%2Fwp%2Fv2%2Fcategories&post=29728"},{"taxonomy":"post_tag","embeddable":true,"href":"https:\/\/icoinformativo.mx\/home\/index.php?rest_route=%2Fwp%2Fv2%2Ftags&post=29728"}],"curies":[{"name":"wp","href":"https:\/\/api.w.org\/{rel}","templated":true}]}}