{"id":29725,"date":"2025-01-10T04:38:11","date_gmt":"2025-01-10T04:38:11","guid":{"rendered":"https:\/\/icoinformativo.mx\/home\/?p=29725"},"modified":"2025-01-10T04:38:11","modified_gmt":"2025-01-10T04:38:11","slug":"majin-aguilar-utrilla-alcalde-de-amatan-se-reune-con-el-director-general-del-instituto-de-la-infraestructura-fisica-educativa-del-estado-de-chiapas-inifech","status":"publish","type":"post","link":"https:\/\/icoinformativo.mx\/home\/?p=29725","title":{"rendered":"Majin Aguilar Utrilla alcalde de Amat\u00e1n se re\u00fane con el Director General del Instituto de la infraestructura f\u00edsica educativa del estado de Chiapas (INIFECH)"},"content":{"rendered":"<p>El Presidente Municipal, Majin Aguilar Utrilla, sostuvo una reuni\u00f3n con el Lic. Carlos Ildelfonso Jimenez Truijllo, Director General del Instituto de la Infraestructura F\u00edsica Educativa del Estado de Chiapas (INIFECH). Durante este importante encuentro, abordaron las principales necesidades educativas del municipio de Amat\u00e1n.<\/p>\n<p>&nbsp;<\/p>\n<p>Ambos coincidieron en que para alcanzar los objetivos del gobierno de la nueva ERA, la educaci\u00f3n es un pilar fundamental para el desarrollo de nuestras comunidades. La reuni\u00f3n subraya el compromiso de esta administraci\u00f3n con mejorar la infraestructura educativa y garantizar un entorno de aprendizaje adecuado para nuestros ni\u00f1os y j\u00f3venes.<\/p>\n<p>&nbsp;<\/p>\n<p>Majin Aguilar refrenda su compromiso de seguir trabajando incansablemente para construir un Amat\u00e1n con oportunidades educativas para todos, convencidos de que la educaci\u00f3n es la clave para un futuro mejor con transformaci\u00f3n humanista y progresista.<\/p>\n<p>&nbsp;<\/p>\n<p>\u00a1Unidos por una Nueva ERA!<\/p>\n<p>&nbsp;<\/p>\n","protected":false},"excerpt":{"rendered":"<p>El Presidente Municipal, Majin Aguilar Utrilla, sostuvo una reuni\u00f3n con el Lic. Carlos Ildelfonso Jimenez&#8230;<\/p>\n","protected":false},"author":2,"featured_media":29726,"comment_status":"closed","ping_status":"closed","sticky":false,"template":"","format":"standard","meta":{"_joinchat":[],"footnotes":""},"categories":[18,1,2,3],"tags":[],"class_list":["post-29725","post","type-post","status-publish","format-standard","has-post-thumbnail","hentry","category-almomento","category-boletin","category-estado","category-health"],"_links":{"self":[{"href":"https:\/\/icoinformativo.mx\/home\/index.php?rest_route=\/wp\/v2\/posts\/29725","targetHints":{"allow":["GET"]}}],"collection":[{"href":"https:\/\/icoinformativo.mx\/home\/index.php?rest_route=\/wp\/v2\/posts"}],"about":[{"href":"https:\/\/icoinformativo.mx\/home\/index.php?rest_route=\/wp\/v2\/types\/post"}],"author":[{"embeddable":true,"href":"https:\/\/icoinformativo.mx\/home\/index.php?rest_route=\/wp\/v2\/users\/2"}],"replies":[{"embeddable":true,"href":"https:\/\/icoinformativo.mx\/home\/index.php?rest_route=%2Fwp%2Fv2%2Fcomments&post=29725"}],"version-history":[{"count":1,"href":"https:\/\/icoinformativo.mx\/home\/index.php?rest_route=\/wp\/v2\/posts\/29725\/revisions"}],"predecessor-version":[{"id":29727,"href":"https:\/\/icoinformativo.mx\/home\/index.php?rest_route=\/wp\/v2\/posts\/29725\/revisions\/29727"}],"wp:featuredmedia":[{"embeddable":true,"href":"https:\/\/icoinformativo.mx\/home\/index.php?rest_route=\/wp\/v2\/media\/29726"}],"wp:attachment":[{"href":"https:\/\/icoinformativo.mx\/home\/index.php?rest_route=%2Fwp%2Fv2%2Fmedia&parent=29725"}],"wp:term":[{"taxonomy":"category","embeddable":true,"href":"https:\/\/icoinformativo.mx\/home\/index.php?rest_route=%2Fwp%2Fv2%2Fcategories&post=29725"},{"taxonomy":"post_tag","embeddable":true,"href":"https:\/\/icoinformativo.mx\/home\/index.php?rest_route=%2Fwp%2Fv2%2Ftags&post=29725"}],"curies":[{"name":"wp","href":"https:\/\/api.w.org\/{rel}","templated":true}]}}