{"id":29722,"date":"2025-01-10T04:36:00","date_gmt":"2025-01-10T04:36:00","guid":{"rendered":"https:\/\/icoinformativo.mx\/home\/?p=29722"},"modified":"2025-01-10T04:36:00","modified_gmt":"2025-01-10T04:36:00","slug":"presenta-comision-plan-anual-de-trabajo-en-materia-de-atencion-a-la-frontera-sur","status":"publish","type":"post","link":"https:\/\/icoinformativo.mx\/home\/?p=29722","title":{"rendered":"Presenta Comisi\u00f3n Plan Anual de Trabajo en materia de atenci\u00f3n a la frontera sur"},"content":{"rendered":"<p>&nbsp;<\/p>\n<p>Tuxtla Guti\u00e9rrez, Chiapas; 09 de enero de 2025.- La Comisi\u00f3n de Asuntos de la Frontera Sur, que preside el diputado Fredy Escobar S\u00e1nchez, present\u00f3 su Plan Anual de Trabajo, el cual abarca temas de inter\u00e9s general como: seguridad, migraci\u00f3n, salud, turismo, empleo y bienestar.<\/p>\n<p>&nbsp;<\/p>\n<p>En el encuentro realizado en la sede del Poder Legislativo, particip\u00f3 la secretaria de la Frontera Sur del Gobierno Estado, Mar\u00eda Amalia Toriello Elorza; el presidente de la Mesa Directiva del Congreso del Estado, Luis Ignacio Avenda\u00f1o Berm\u00fadez y el presidente de la Junta de Coordinaci\u00f3n Pol\u00edtica, Mario Guill\u00e9n Guill\u00e9n, con el objetivo de intercambiar ideas y analizar los puntos prioritarios que marca la agenda del gobernador, Eduardo Ram\u00edrez Aguilar, y que se enfocan en atender el desarrollo socioecon\u00f3mico de la frontera.<\/p>\n<p>&nbsp;<\/p>\n<p>El objetivo de dicha Comisi\u00f3n, sostuvo el diputado Escobar S\u00e1nchez, es garantizar el respeto a los derechos humanos y un trato digno y justo para los migrantes en la frontera sur y destac\u00f3: \u201cLa migraci\u00f3n debe ser atendida con sentido social y de justicia, no solo como tema de seguridad\u201d.<\/p>\n<p>&nbsp;<\/p>\n<p>Como parte integral de dicha agenda, se celebrar\u00e1n -de manera permanente- entrevistas, encuentros con diversos servidores p\u00fablicos de la esfera federal estatal y municipal; as\u00ed como planear y organizar congresos, foros, encuentros, talleres, exposiciones, parlamento abierto y otros an\u00e1logos dirigidos al p\u00fablico en general, en colaboraci\u00f3n con instituciones, dependencias y personas del sector privado y social.<\/p>\n<p>&nbsp;<\/p>\n<p>En ese orden de ideas, subray\u00f3 que tambi\u00e9n se analizar\u00e1 y adecuar\u00e1 el marco jur\u00eddico para el desarrollo de la frontera sur del estado, proponiendo reformas legislativas que coadyuven al desarrollo social, la vivienda, el campo, la migraci\u00f3n y el comercio de los municipios que integran dicho sector de Chiapas.<\/p>\n<p>&nbsp;<\/p>\n<p>En este encuentro se cont\u00f3 con la participaci\u00f3n de las y los diputados de la Comisi\u00f3n: Erika Paola Mendoza Salda\u00f1a, Ferm\u00edn Hidalgo Gonz\u00e1lez Ram\u00edrez, Juan Manuel Utrilla Constantino, Bertha Flores S\u00e1nchez y Elvira Catalina Aguiar \u00c1lvarez; quienes aportaron su punto de vista y experiencia.<\/p>\n<p>&nbsp;<\/p>\n<p>Tambi\u00e9n, se cont\u00f3 con la presencia del coordinador Regional de la Comisi\u00f3n Mexicana de Ayuda a Refugiados, Daladier Anzueto Anzueto; la asociada de Protecci\u00f3n para la Suboficina de la ACNUR, Beatriz Moreno; la jefa de la Suboficina de la Organizaci\u00f3n Internacional para las Migraciones, Ivana Sald\u00edvar; as\u00ed como Miguel Z\u00fa\u00f1iga Zenteno, en representaci\u00f3n del Instituto Nacional de Migraci\u00f3n en Chiapas.<\/p>\n","protected":false},"excerpt":{"rendered":"<p>&nbsp; Tuxtla Guti\u00e9rrez, Chiapas; 09 de enero de 2025.- La Comisi\u00f3n de Asuntos de la&#8230;<\/p>\n","protected":false},"author":2,"featured_media":29723,"comment_status":"closed","ping_status":"closed","sticky":false,"template":"","format":"standard","meta":{"_joinchat":[],"footnotes":""},"categories":[18,1,2,3],"tags":[],"class_list":["post-29722","post","type-post","status-publish","format-standard","has-post-thumbnail","hentry","category-almomento","category-boletin","category-estado","category-health"],"_links":{"self":[{"href":"https:\/\/icoinformativo.mx\/home\/index.php?rest_route=\/wp\/v2\/posts\/29722","targetHints":{"allow":["GET"]}}],"collection":[{"href":"https:\/\/icoinformativo.mx\/home\/index.php?rest_route=\/wp\/v2\/posts"}],"about":[{"href":"https:\/\/icoinformativo.mx\/home\/index.php?rest_route=\/wp\/v2\/types\/post"}],"author":[{"embeddable":true,"href":"https:\/\/icoinformativo.mx\/home\/index.php?rest_route=\/wp\/v2\/users\/2"}],"replies":[{"embeddable":true,"href":"https:\/\/icoinformativo.mx\/home\/index.php?rest_route=%2Fwp%2Fv2%2Fcomments&post=29722"}],"version-history":[{"count":1,"href":"https:\/\/icoinformativo.mx\/home\/index.php?rest_route=\/wp\/v2\/posts\/29722\/revisions"}],"predecessor-version":[{"id":29724,"href":"https:\/\/icoinformativo.mx\/home\/index.php?rest_route=\/wp\/v2\/posts\/29722\/revisions\/29724"}],"wp:featuredmedia":[{"embeddable":true,"href":"https:\/\/icoinformativo.mx\/home\/index.php?rest_route=\/wp\/v2\/media\/29723"}],"wp:attachment":[{"href":"https:\/\/icoinformativo.mx\/home\/index.php?rest_route=%2Fwp%2Fv2%2Fmedia&parent=29722"}],"wp:term":[{"taxonomy":"category","embeddable":true,"href":"https:\/\/icoinformativo.mx\/home\/index.php?rest_route=%2Fwp%2Fv2%2Fcategories&post=29722"},{"taxonomy":"post_tag","embeddable":true,"href":"https:\/\/icoinformativo.mx\/home\/index.php?rest_route=%2Fwp%2Fv2%2Ftags&post=29722"}],"curies":[{"name":"wp","href":"https:\/\/api.w.org\/{rel}","templated":true}]}}