{"id":29719,"date":"2025-01-10T04:33:36","date_gmt":"2025-01-10T04:33:36","guid":{"rendered":"https:\/\/icoinformativo.mx\/home\/?p=29719"},"modified":"2025-01-10T04:33:36","modified_gmt":"2025-01-10T04:33:36","slug":"modulo-de-atencion-ciudadana-movil-del-ine-en-amatan","status":"publish","type":"post","link":"https:\/\/icoinformativo.mx\/home\/?p=29719","title":{"rendered":"M\u00f3dulo de Atenci\u00f3n Ciudadana M\u00f3vil del INE en Amat\u00e1n\u00a0"},"content":{"rendered":"<p>&nbsp;<\/p>\n<p>\u00a1Atenci\u00f3n, ciudadanos de Amat\u00e1n! El M\u00f3dulo de Atenci\u00f3n Ciudadana M\u00f3vil del INE estar\u00e1 en nuestro municipio los d\u00edas 23 y 24 de enero.<\/p>\n<p>&nbsp;<\/p>\n<p>\ud83d\udccd Ubicaci\u00f3n: Calle Central, Barrio Centro (Casa Ejidal)<\/p>\n<p>&nbsp;<\/p>\n<p>\ud83d\udd52 Horario de atenci\u00f3n:<\/p>\n<p>&nbsp;<\/p>\n<p>Jueves 23 de enero: 09:00 a.m. &#8211; 04:00 p.m.<\/p>\n<p>Viernes 24 de enero: 07:00 a.m. &#8211; 01:00 p.m.<\/p>\n<p>&nbsp;<\/p>\n<p>Aprovechen esta oportunidad para realizar sus tr\u00e1mites relacionados con la credencial de elector, como actualizaciones o reposiciones. \u00a1No falten!<\/p>\n<p>&nbsp;<\/p>\n<p>#INE #Atenci\u00f3nCiudadana #Amat\u00e1n #NuevaERA<\/p>\n","protected":false},"excerpt":{"rendered":"<p>&nbsp; \u00a1Atenci\u00f3n, ciudadanos de Amat\u00e1n! El M\u00f3dulo de Atenci\u00f3n Ciudadana M\u00f3vil del INE estar\u00e1 en&#8230;<\/p>\n","protected":false},"author":2,"featured_media":29720,"comment_status":"closed","ping_status":"closed","sticky":false,"template":"","format":"standard","meta":{"_joinchat":[],"footnotes":""},"categories":[18,1,2,3],"tags":[],"class_list":["post-29719","post","type-post","status-publish","format-standard","has-post-thumbnail","hentry","category-almomento","category-boletin","category-estado","category-health"],"_links":{"self":[{"href":"https:\/\/icoinformativo.mx\/home\/index.php?rest_route=\/wp\/v2\/posts\/29719","targetHints":{"allow":["GET"]}}],"collection":[{"href":"https:\/\/icoinformativo.mx\/home\/index.php?rest_route=\/wp\/v2\/posts"}],"about":[{"href":"https:\/\/icoinformativo.mx\/home\/index.php?rest_route=\/wp\/v2\/types\/post"}],"author":[{"embeddable":true,"href":"https:\/\/icoinformativo.mx\/home\/index.php?rest_route=\/wp\/v2\/users\/2"}],"replies":[{"embeddable":true,"href":"https:\/\/icoinformativo.mx\/home\/index.php?rest_route=%2Fwp%2Fv2%2Fcomments&post=29719"}],"version-history":[{"count":1,"href":"https:\/\/icoinformativo.mx\/home\/index.php?rest_route=\/wp\/v2\/posts\/29719\/revisions"}],"predecessor-version":[{"id":29721,"href":"https:\/\/icoinformativo.mx\/home\/index.php?rest_route=\/wp\/v2\/posts\/29719\/revisions\/29721"}],"wp:featuredmedia":[{"embeddable":true,"href":"https:\/\/icoinformativo.mx\/home\/index.php?rest_route=\/wp\/v2\/media\/29720"}],"wp:attachment":[{"href":"https:\/\/icoinformativo.mx\/home\/index.php?rest_route=%2Fwp%2Fv2%2Fmedia&parent=29719"}],"wp:term":[{"taxonomy":"category","embeddable":true,"href":"https:\/\/icoinformativo.mx\/home\/index.php?rest_route=%2Fwp%2Fv2%2Fcategories&post=29719"},{"taxonomy":"post_tag","embeddable":true,"href":"https:\/\/icoinformativo.mx\/home\/index.php?rest_route=%2Fwp%2Fv2%2Ftags&post=29719"}],"curies":[{"name":"wp","href":"https:\/\/api.w.org\/{rel}","templated":true}]}}