{"id":29713,"date":"2025-01-10T04:29:14","date_gmt":"2025-01-10T04:29:14","guid":{"rendered":"https:\/\/icoinformativo.mx\/home\/?p=29713"},"modified":"2025-01-10T04:29:14","modified_gmt":"2025-01-10T04:29:14","slug":"salud-arranca-acciones-de-control-del-paludismo-y-dengue-desde-tapachula-para-blindar-la-zona-fronteriza","status":"publish","type":"post","link":"https:\/\/icoinformativo.mx\/home\/?p=29713","title":{"rendered":"Salud arranca acciones de control del paludismo y dengue desde Tapachula para blindar la zona fronteriza"},"content":{"rendered":"<p>&nbsp;<\/p>\n<p>\u00b7 El secretario de Salud del estado, Omar G\u00f3mez Cruz, dio el banderazo de inicio de las acciones preventivas y de control con una fuerza de tarea de mil 250 brigadistas y 51 veh\u00edculos de m\u00e1quinas pesadas<\/p>\n<p>\u00b7 El encargado de la pol\u00edtica sanitaria estatal recalc\u00f3 que se va a trabajar con congruencia y convicci\u00f3n, sin simulaci\u00f3n, para contener las enfermedades en transmitidas por vectores<\/p>\n<p>&nbsp;<\/p>\n<p>Tapachula, Chiapas; 09 de enero del 2025.- \u201cVamos a trabajar con congruencia y convicci\u00f3n, sin simulaci\u00f3n, por eso vamos a blindar la franja fronteriza con acciones de control integral para contener y disminuir los casos de dengue y paludismo en la entidad, principalmente en la Regi\u00f3n Soconusco, que es la zona con mayor contexto de movilidad humana\u201d, destac\u00f3 el secretario de Salud del estado, Omar G\u00f3mez Cruz, al dar el banderazo de arranque estatal en zonas de alto riesgo.<\/p>\n<p>&nbsp;<\/p>\n<p>El encargado de la pol\u00edtica sanitaria resalt\u00f3 que se har\u00e1 un barrido por todas las regiones con acciones integrales, donde se sume la participaci\u00f3n ciudadana para hacer un frente com\u00fan entre las autoridades y el pueblo, porque en el combate al dengue y paludismo se necesita de la promoci\u00f3n de la eliminaci\u00f3n de criaderos potenciales y control larvario, adem\u00e1s de la capacitaci\u00f3n continua de la fuerza de trabajo.<\/p>\n<p>&nbsp;<\/p>\n<p>Mencion\u00f3 que el despliegue de este operativo en la zona fronteriza y zonas de riesgo de todo el estado se realiz\u00f3 en el municipio de Tapachula, porque es la puerta de entrada a M\u00e9xico, siendo as\u00ed vulnerable por el paso de personas en situaci\u00f3n de movilidad, por lo que se contar\u00e1 con una fuerza de tarea de mil 250 brigadistas para realizar las acciones de eliminaci\u00f3n de criaderos, control larvario y nebulizaci\u00f3n, adem\u00e1s de 51 veh\u00edculos con m\u00e1quinas pesadas.<\/p>\n<p>&nbsp;<\/p>\n<p>G\u00f3mez Cruz reconoci\u00f3 la labor diaria de las y los trabajadores de vectores, que son gente de campo que tiene mucho que aportar con intercambio de experiencias a nivel nacional y mundial, y que tienen la firme convicci\u00f3n de trabajar por el bienestar del pueblo.<\/p>\n<p>&nbsp;<\/p>\n<p>Por su parte, el delegado del IMSS en Chiapas, Hermilo Dom\u00ednguez Zarate, abund\u00f3 que, de forma hist\u00f3rica, la Regi\u00f3n Soconusco es la de mayor biodiversidad entomol\u00f3gica, por lo que podemos encontrar diferentes vectores para que se reproduzcan, por ello es fundamental trabajar como un mismo equipo con la Secretar\u00eda de Salud como aliada para combatir las enfermedades por arbovirosis, que son una amenaza para la salud p\u00fablica.<\/p>\n<p>&nbsp;<\/p>\n<p>En el marco del evento, el alcalde tapachulteco, Yamil Melgar Bravo, refrend\u00f3 su compromiso para trabajar coordinadamente en la lucha contra las enfermedades transmitidas por vectores, priorizando la vigilancia activa y acciones de prevenci\u00f3n que garanticen la salud de la poblaci\u00f3n local y en contexto de movilidad, por lo que resulta de gran importancia que sea Tapachula, regi\u00f3n end\u00e9mica, la sede del arranque estatal de las acciones para el control integral del paludismo, dengue, zika y chikungunya.<\/p>\n<p>&nbsp;<\/p>\n<p>En este arranque tambi\u00e9n estuvieron presentes el subdelegado m\u00e9dico del ISSSTE, Carlos Alberto Dom\u00ednguez Maldonado; el director general del Isstech, Armando Barrios Fierro; la diputada presidenta de la Comisi\u00f3n de Salud del Congreso del Estado, Faride Abud Garc\u00eda; la directora del DIF Chiapas, Ana Granda Gonz\u00e1lez y el director de Salud P\u00fablica de la Secretar\u00eda de Salud, Orlando Garc\u00eda Morales.<\/p>\n","protected":false},"excerpt":{"rendered":"<p>&nbsp; \u00b7 El secretario de Salud del estado, Omar G\u00f3mez Cruz, dio el banderazo de&#8230;<\/p>\n","protected":false},"author":2,"featured_media":29714,"comment_status":"closed","ping_status":"closed","sticky":false,"template":"","format":"standard","meta":{"_joinchat":[],"footnotes":""},"categories":[18,1,2,3],"tags":[],"class_list":["post-29713","post","type-post","status-publish","format-standard","has-post-thumbnail","hentry","category-almomento","category-boletin","category-estado","category-health"],"_links":{"self":[{"href":"https:\/\/icoinformativo.mx\/home\/index.php?rest_route=\/wp\/v2\/posts\/29713","targetHints":{"allow":["GET"]}}],"collection":[{"href":"https:\/\/icoinformativo.mx\/home\/index.php?rest_route=\/wp\/v2\/posts"}],"about":[{"href":"https:\/\/icoinformativo.mx\/home\/index.php?rest_route=\/wp\/v2\/types\/post"}],"author":[{"embeddable":true,"href":"https:\/\/icoinformativo.mx\/home\/index.php?rest_route=\/wp\/v2\/users\/2"}],"replies":[{"embeddable":true,"href":"https:\/\/icoinformativo.mx\/home\/index.php?rest_route=%2Fwp%2Fv2%2Fcomments&post=29713"}],"version-history":[{"count":1,"href":"https:\/\/icoinformativo.mx\/home\/index.php?rest_route=\/wp\/v2\/posts\/29713\/revisions"}],"predecessor-version":[{"id":29715,"href":"https:\/\/icoinformativo.mx\/home\/index.php?rest_route=\/wp\/v2\/posts\/29713\/revisions\/29715"}],"wp:featuredmedia":[{"embeddable":true,"href":"https:\/\/icoinformativo.mx\/home\/index.php?rest_route=\/wp\/v2\/media\/29714"}],"wp:attachment":[{"href":"https:\/\/icoinformativo.mx\/home\/index.php?rest_route=%2Fwp%2Fv2%2Fmedia&parent=29713"}],"wp:term":[{"taxonomy":"category","embeddable":true,"href":"https:\/\/icoinformativo.mx\/home\/index.php?rest_route=%2Fwp%2Fv2%2Fcategories&post=29713"},{"taxonomy":"post_tag","embeddable":true,"href":"https:\/\/icoinformativo.mx\/home\/index.php?rest_route=%2Fwp%2Fv2%2Ftags&post=29713"}],"curies":[{"name":"wp","href":"https:\/\/api.w.org\/{rel}","templated":true}]}}