{"id":29710,"date":"2025-01-10T04:27:05","date_gmt":"2025-01-10T04:27:05","guid":{"rendered":"https:\/\/icoinformativo.mx\/home\/?p=29710"},"modified":"2025-01-10T04:27:05","modified_gmt":"2025-01-10T04:27:05","slug":"instalan-comite-tecnico-del-faem-en-semuigen","status":"publish","type":"post","link":"https:\/\/icoinformativo.mx\/home\/?p=29710","title":{"rendered":"Instalan Comit\u00e9 T\u00e9cnico del FAEM en Semuigen"},"content":{"rendered":"<p>&nbsp;<\/p>\n<p>\u00b7 Mediante el Fondo de Apoyo a la Econom\u00eda de las Mujeres, las chiapanecas podr\u00e1n acceder a financiamiento para lograr la autonom\u00eda econ\u00f3mica<\/p>\n<p>&nbsp;<\/p>\n<p>Tuxtla Guti\u00e9rrez, 09 de enero de 2025.- La Secretar\u00eda de la Mujer e Igualdad de G\u00e9nero (Semuigen) instal\u00f3 el Comit\u00e9 T\u00e9cnico del Fideicomiso P\u00fablico de Inversi\u00f3n, Administraci\u00f3n y Fuente Alterna de Pago, denominado \u201cFondo de Apoyo a la Econom\u00eda de las Mujeres\u201d (FAEM).<\/p>\n<p>&nbsp;<\/p>\n<p>La titular de la Semuigen y presidenta del Comit\u00e9, Dulce Mar\u00eda Rodr\u00edguez Ovando, destac\u00f3 que el FAEM es un fondo patrimonial mediante el cual se administran los recursos que servir\u00e1n para promover y facilitar la inclusi\u00f3n financiera de las mujeres chiapanecas.<\/p>\n<p>&nbsp;<\/p>\n<p>Magali Guill\u00e9n Zepeda, subsecretaria de Econom\u00eda Social de la Semuigen y presidenta suplente del Comit\u00e9, explic\u00f3 que el FAEM permitir\u00e1 a las beneficiarias acceder al otorgamiento de recursos para la inversi\u00f3n productiva, la capitalizaci\u00f3n econ\u00f3mica, la obtenci\u00f3n de ingresos para el ahorro y el mejoramiento de su calidad de vida.<\/p>\n<p>&nbsp;<\/p>\n<p>En este acto se tom\u00f3 protesta a representantes de la Secretar\u00eda de Agricultura, Ganader\u00eda y Pesca; Secretar\u00eda de Turismo; Secretar\u00eda de Humanismo; Secretar\u00eda para el Desarrollo Sustentable de los Pueblos Ind\u00edgenas; y la Secretar\u00eda de Econom\u00eda y del Trabajo, as\u00ed como a integrantes de dicho Comit\u00e9.<\/p>\n<p>&nbsp;<\/p>\n<p>Impulsar la autonom\u00eda econ\u00f3mica de las mujeres y promover el pleno ejercicio de sus derechos humanos es una prioridad en la administraci\u00f3n p\u00fablica del gobernador Eduardo Ram\u00edrez Aguilar.<\/p>\n","protected":false},"excerpt":{"rendered":"<p>&nbsp; \u00b7 Mediante el Fondo de Apoyo a la Econom\u00eda de las Mujeres, las chiapanecas&#8230;<\/p>\n","protected":false},"author":2,"featured_media":29711,"comment_status":"closed","ping_status":"closed","sticky":false,"template":"","format":"standard","meta":{"_joinchat":[],"footnotes":""},"categories":[18,1,2,3],"tags":[],"class_list":["post-29710","post","type-post","status-publish","format-standard","has-post-thumbnail","hentry","category-almomento","category-boletin","category-estado","category-health"],"_links":{"self":[{"href":"https:\/\/icoinformativo.mx\/home\/index.php?rest_route=\/wp\/v2\/posts\/29710","targetHints":{"allow":["GET"]}}],"collection":[{"href":"https:\/\/icoinformativo.mx\/home\/index.php?rest_route=\/wp\/v2\/posts"}],"about":[{"href":"https:\/\/icoinformativo.mx\/home\/index.php?rest_route=\/wp\/v2\/types\/post"}],"author":[{"embeddable":true,"href":"https:\/\/icoinformativo.mx\/home\/index.php?rest_route=\/wp\/v2\/users\/2"}],"replies":[{"embeddable":true,"href":"https:\/\/icoinformativo.mx\/home\/index.php?rest_route=%2Fwp%2Fv2%2Fcomments&post=29710"}],"version-history":[{"count":1,"href":"https:\/\/icoinformativo.mx\/home\/index.php?rest_route=\/wp\/v2\/posts\/29710\/revisions"}],"predecessor-version":[{"id":29712,"href":"https:\/\/icoinformativo.mx\/home\/index.php?rest_route=\/wp\/v2\/posts\/29710\/revisions\/29712"}],"wp:featuredmedia":[{"embeddable":true,"href":"https:\/\/icoinformativo.mx\/home\/index.php?rest_route=\/wp\/v2\/media\/29711"}],"wp:attachment":[{"href":"https:\/\/icoinformativo.mx\/home\/index.php?rest_route=%2Fwp%2Fv2%2Fmedia&parent=29710"}],"wp:term":[{"taxonomy":"category","embeddable":true,"href":"https:\/\/icoinformativo.mx\/home\/index.php?rest_route=%2Fwp%2Fv2%2Fcategories&post=29710"},{"taxonomy":"post_tag","embeddable":true,"href":"https:\/\/icoinformativo.mx\/home\/index.php?rest_route=%2Fwp%2Fv2%2Ftags&post=29710"}],"curies":[{"name":"wp","href":"https:\/\/api.w.org\/{rel}","templated":true}]}}