{"id":29704,"date":"2025-01-10T04:23:16","date_gmt":"2025-01-10T04:23:16","guid":{"rendered":"https:\/\/icoinformativo.mx\/home\/?p=29704"},"modified":"2025-01-10T04:23:16","modified_gmt":"2025-01-10T04:23:16","slug":"secretario-de-educacion-convoca-a-las-y-los-chiapanecos-a-sumarse-como-voluntarios-al-programa-de-alfabetizacion-chiapas-puede","status":"publish","type":"post","link":"https:\/\/icoinformativo.mx\/home\/?p=29704","title":{"rendered":"Secretario de Educaci\u00f3n convoca a las y los chiapanecos a sumarse como voluntarios al Programa de Alfabetizaci\u00f3n \u201cChiapas Puede\u201d"},"content":{"rendered":"<p>&nbsp;<\/p>\n<p>Tuxtla Guti\u00e9rrez.- Convocamos al pueblo de Chiapas para que seamos las y los chiapanecos quienes actuemos como voluntarios en el proceso de alfabetizaci\u00f3n, y tambi\u00e9n para ayudar, a quien lo necesite, a registrarse en la Beca \u201cRosario Castellanos\u201d que ha anunciado el gobernador Eduardo Ram\u00edrez, expres\u00f3 el secretario de Educaci\u00f3n, Roger Mandujano Ayala.<\/p>\n<p>&nbsp;<\/p>\n<p>En el marco de la Asamblea General de los Pueblos de Chiapas por la Alfabetizaci\u00f3n, donde se aprob\u00f3 a mano alzada la implementaci\u00f3n del programa \u201cChiapas Puede\u201d en el municipio de Chamula, el responsable del sector educativo en la entidad precis\u00f3 que el Instituto Chiapaneco de Educaci\u00f3n para J\u00f3venes y Adultos (Icheja) ha emitido una convocatoria para todas y todos los chiapanecos a sumarse e inscribirse.<\/p>\n<p>&nbsp;<\/p>\n<p>\u201cLo m\u00e1s importante de todo es que el pueblo de Chiapas abra su conciencia, lo acaba de decir el gobernador, hay que abrir el coraz\u00f3n, hay que ayudar al pr\u00f3jimo; es decir, que un chiapaneco sepa leer y escribir, le ense\u00f1e a otro que no sabe hacerlo, ese es el jam ach\u2019ulel, ese es el humanismo transformador. Se necesita de papel y l\u00e1piz, y nosotros vamos a proveer el m\u00e9todo\u201d, mencion\u00f3.<\/p>\n<p>&nbsp;<\/p>\n<p>Mandujano Ayala reconoci\u00f3 que ha sido dif\u00edcil para el gobierno poder llegar a los lugares m\u00e1s alejados, pero que deja de serlo cuando el pueblo toma esa causa como propia, ya que en dichas comunidades existen personas que s\u00ed saben leer y escribir, refiriendo que, por dicha raz\u00f3n, han sido los primeros soldados alfabetizadores a los que han estado convocando; \u201ccuando reducimos esta lucha uno a uno, el gigante es el pueblo\u201d, recalc\u00f3.<\/p>\n<p>&nbsp;<\/p>\n<p>El secretario de Educaci\u00f3n record\u00f3 que, con motivo del Programa de Alfabetizaci\u00f3n \u201cChiapas Puede\u201d, tambi\u00e9n se llevar\u00e1 a cabo la \u201cConsulta Previa, libre e Informada a los Pueblos Ind\u00edgenas\u201d, a realizarse en coadyuvancia con el Instituto de Elecciones y Participaci\u00f3n Ciudadana (IEPC), no s\u00f3lo para dar cumplimiento a un mandato constitucional, sino por justicia social hacia los pueblos ind\u00edgenas de Chiapas.<\/p>\n","protected":false},"excerpt":{"rendered":"<p>&nbsp; Tuxtla Guti\u00e9rrez.- Convocamos al pueblo de Chiapas para que seamos las y los chiapanecos&#8230;<\/p>\n","protected":false},"author":2,"featured_media":29705,"comment_status":"closed","ping_status":"closed","sticky":false,"template":"","format":"standard","meta":{"_joinchat":[],"footnotes":""},"categories":[18,1,2,3],"tags":[],"class_list":["post-29704","post","type-post","status-publish","format-standard","has-post-thumbnail","hentry","category-almomento","category-boletin","category-estado","category-health"],"_links":{"self":[{"href":"https:\/\/icoinformativo.mx\/home\/index.php?rest_route=\/wp\/v2\/posts\/29704","targetHints":{"allow":["GET"]}}],"collection":[{"href":"https:\/\/icoinformativo.mx\/home\/index.php?rest_route=\/wp\/v2\/posts"}],"about":[{"href":"https:\/\/icoinformativo.mx\/home\/index.php?rest_route=\/wp\/v2\/types\/post"}],"author":[{"embeddable":true,"href":"https:\/\/icoinformativo.mx\/home\/index.php?rest_route=\/wp\/v2\/users\/2"}],"replies":[{"embeddable":true,"href":"https:\/\/icoinformativo.mx\/home\/index.php?rest_route=%2Fwp%2Fv2%2Fcomments&post=29704"}],"version-history":[{"count":1,"href":"https:\/\/icoinformativo.mx\/home\/index.php?rest_route=\/wp\/v2\/posts\/29704\/revisions"}],"predecessor-version":[{"id":29706,"href":"https:\/\/icoinformativo.mx\/home\/index.php?rest_route=\/wp\/v2\/posts\/29704\/revisions\/29706"}],"wp:featuredmedia":[{"embeddable":true,"href":"https:\/\/icoinformativo.mx\/home\/index.php?rest_route=\/wp\/v2\/media\/29705"}],"wp:attachment":[{"href":"https:\/\/icoinformativo.mx\/home\/index.php?rest_route=%2Fwp%2Fv2%2Fmedia&parent=29704"}],"wp:term":[{"taxonomy":"category","embeddable":true,"href":"https:\/\/icoinformativo.mx\/home\/index.php?rest_route=%2Fwp%2Fv2%2Fcategories&post=29704"},{"taxonomy":"post_tag","embeddable":true,"href":"https:\/\/icoinformativo.mx\/home\/index.php?rest_route=%2Fwp%2Fv2%2Ftags&post=29704"}],"curies":[{"name":"wp","href":"https:\/\/api.w.org\/{rel}","templated":true}]}}