{"id":29701,"date":"2025-01-10T04:18:00","date_gmt":"2025-01-10T04:18:00","guid":{"rendered":"https:\/\/icoinformativo.mx\/home\/?p=29701"},"modified":"2025-01-10T04:18:00","modified_gmt":"2025-01-10T04:18:00","slug":"aurora-terroso-ramos-alcaldesa-de-zanatepec-asiste-a-reunion-regional-de-seguridad-publica","status":"publish","type":"post","link":"https:\/\/icoinformativo.mx\/home\/?p=29701","title":{"rendered":"Aurora Terroso Ramos alcaldesa de Zanatepec asiste a reuni\u00f3n regional de Seguridad P\u00fablica"},"content":{"rendered":"<p>La maestra Aurora Terroso Ramos, alcaldesa de Santo Domingo Zanatepec, Oaxaca, particip\u00f3 en la Mesa de Seguridad Regional en la Ciudad de Ixtepec, un evento importante que reuni\u00f3 al Gobernador del Estado, Salom\u00f3n Jara Cruz, su gabinete y autoridades municipales.<\/p>\n<p>El objetivo principal de esta reuni\u00f3n fue reafirmar el compromiso del Gobierno del Estado con la seguridad de la regi\u00f3n.<\/p>\n","protected":false},"excerpt":{"rendered":"<p>La maestra Aurora Terroso Ramos, alcaldesa de Santo Domingo Zanatepec, Oaxaca, particip\u00f3 en la Mesa&#8230;<\/p>\n","protected":false},"author":2,"featured_media":29702,"comment_status":"closed","ping_status":"closed","sticky":false,"template":"","format":"standard","meta":{"_joinchat":[],"footnotes":""},"categories":[1,2,3],"tags":[],"class_list":["post-29701","post","type-post","status-publish","format-standard","has-post-thumbnail","hentry","category-boletin","category-estado","category-health"],"_links":{"self":[{"href":"https:\/\/icoinformativo.mx\/home\/index.php?rest_route=\/wp\/v2\/posts\/29701","targetHints":{"allow":["GET"]}}],"collection":[{"href":"https:\/\/icoinformativo.mx\/home\/index.php?rest_route=\/wp\/v2\/posts"}],"about":[{"href":"https:\/\/icoinformativo.mx\/home\/index.php?rest_route=\/wp\/v2\/types\/post"}],"author":[{"embeddable":true,"href":"https:\/\/icoinformativo.mx\/home\/index.php?rest_route=\/wp\/v2\/users\/2"}],"replies":[{"embeddable":true,"href":"https:\/\/icoinformativo.mx\/home\/index.php?rest_route=%2Fwp%2Fv2%2Fcomments&post=29701"}],"version-history":[{"count":1,"href":"https:\/\/icoinformativo.mx\/home\/index.php?rest_route=\/wp\/v2\/posts\/29701\/revisions"}],"predecessor-version":[{"id":29703,"href":"https:\/\/icoinformativo.mx\/home\/index.php?rest_route=\/wp\/v2\/posts\/29701\/revisions\/29703"}],"wp:featuredmedia":[{"embeddable":true,"href":"https:\/\/icoinformativo.mx\/home\/index.php?rest_route=\/wp\/v2\/media\/29702"}],"wp:attachment":[{"href":"https:\/\/icoinformativo.mx\/home\/index.php?rest_route=%2Fwp%2Fv2%2Fmedia&parent=29701"}],"wp:term":[{"taxonomy":"category","embeddable":true,"href":"https:\/\/icoinformativo.mx\/home\/index.php?rest_route=%2Fwp%2Fv2%2Fcategories&post=29701"},{"taxonomy":"post_tag","embeddable":true,"href":"https:\/\/icoinformativo.mx\/home\/index.php?rest_route=%2Fwp%2Fv2%2Ftags&post=29701"}],"curies":[{"name":"wp","href":"https:\/\/api.w.org\/{rel}","templated":true}]}}