{"id":29698,"date":"2025-01-10T04:01:18","date_gmt":"2025-01-10T04:01:18","guid":{"rendered":"https:\/\/icoinformativo.mx\/home\/?p=29698"},"modified":"2025-01-10T04:01:18","modified_gmt":"2025-01-10T04:01:18","slug":"festival-de-dia-de-reyes-en-pichucalco","status":"publish","type":"post","link":"https:\/\/icoinformativo.mx\/home\/?p=29698","title":{"rendered":"Festival de D\u00eda de Reyes en Pichucalco ."},"content":{"rendered":"<p>&nbsp;<\/p>\n<p>El d\u00eda de hoy, el Gobierno Municipal de Pichucalco, que preside el Mtro. Andr\u00e9s Carballo C\u00f3rdova en coordinaci\u00f3n con el el DIF Municipal, que encabeza la Lic. Ana Karen Castillo Bibiloni, se llev\u00f3 a cabo el tan esperado \u00abFestival de D\u00eda de Reyes\u00bb<\/p>\n<p>Los Reyes Magos desfilaron por una de las principales calles de nuestra ciudad, encabezando una colorida caravana festiva que inclu\u00eda carros tuneados y la participaci\u00f3n de los grupos de emprendedoras ADE, F\u00e9nix y UMEP, as\u00ed como la chica Tiempo de J\u00f3venes, regidores y el DIF Municipal. Durante el recorrido, todos los participantes de la caravana lanzaron dulces y juguetes, creando un ambiente lleno de magia y alegr\u00eda.<\/p>\n<p>La celebraci\u00f3n continu\u00f3 con la tradicional partida de la Rosca de Reyes, un momento emblem\u00e1tico que reuni\u00f3 a los ciudadanos en un acto de convivencia y tradici\u00f3n. Adem\u00e1s, se organizaron una variedad de juegos y espect\u00e1culos que deleitaron tanto a ni\u00f1os como a adultos. Entre las atracciones, destacaron los inflables, que a\u00f1adieron un toque especial a esta festividad.<\/p>\n<p>En palabras del Presidente, el Mtro. Andr\u00e9s Carballo: \u00abEste festival es una muestra del compromiso de nuestra comunidad con mantener vivas nuestras tradiciones y fomentar la convivencia familiar. Es un honor ver c\u00f3mo nuestros ciudadanos disfrutan y participan en estas actividades que llenan de alegr\u00eda nuestros corazones\u00bb.<\/p>\n<p>\u00a1Acciones que Contribuyen al Cambio!<\/p>\n<p>Andres Carballo Cordova<br \/>\nAndr\u00e9s Carballo C\u00f3rdova<\/p>\n","protected":false},"excerpt":{"rendered":"<p>&nbsp; El d\u00eda de hoy, el Gobierno Municipal de Pichucalco, que preside el Mtro. Andr\u00e9s&#8230;<\/p>\n","protected":false},"author":2,"featured_media":29699,"comment_status":"closed","ping_status":"closed","sticky":false,"template":"","format":"standard","meta":{"_joinchat":[],"footnotes":""},"categories":[18,1,2,3],"tags":[],"class_list":["post-29698","post","type-post","status-publish","format-standard","has-post-thumbnail","hentry","category-almomento","category-boletin","category-estado","category-health"],"_links":{"self":[{"href":"https:\/\/icoinformativo.mx\/home\/index.php?rest_route=\/wp\/v2\/posts\/29698","targetHints":{"allow":["GET"]}}],"collection":[{"href":"https:\/\/icoinformativo.mx\/home\/index.php?rest_route=\/wp\/v2\/posts"}],"about":[{"href":"https:\/\/icoinformativo.mx\/home\/index.php?rest_route=\/wp\/v2\/types\/post"}],"author":[{"embeddable":true,"href":"https:\/\/icoinformativo.mx\/home\/index.php?rest_route=\/wp\/v2\/users\/2"}],"replies":[{"embeddable":true,"href":"https:\/\/icoinformativo.mx\/home\/index.php?rest_route=%2Fwp%2Fv2%2Fcomments&post=29698"}],"version-history":[{"count":1,"href":"https:\/\/icoinformativo.mx\/home\/index.php?rest_route=\/wp\/v2\/posts\/29698\/revisions"}],"predecessor-version":[{"id":29700,"href":"https:\/\/icoinformativo.mx\/home\/index.php?rest_route=\/wp\/v2\/posts\/29698\/revisions\/29700"}],"wp:featuredmedia":[{"embeddable":true,"href":"https:\/\/icoinformativo.mx\/home\/index.php?rest_route=\/wp\/v2\/media\/29699"}],"wp:attachment":[{"href":"https:\/\/icoinformativo.mx\/home\/index.php?rest_route=%2Fwp%2Fv2%2Fmedia&parent=29698"}],"wp:term":[{"taxonomy":"category","embeddable":true,"href":"https:\/\/icoinformativo.mx\/home\/index.php?rest_route=%2Fwp%2Fv2%2Fcategories&post=29698"},{"taxonomy":"post_tag","embeddable":true,"href":"https:\/\/icoinformativo.mx\/home\/index.php?rest_route=%2Fwp%2Fv2%2Ftags&post=29698"}],"curies":[{"name":"wp","href":"https:\/\/api.w.org\/{rel}","templated":true}]}}