{"id":29689,"date":"2025-01-08T02:14:31","date_gmt":"2025-01-08T02:14:31","guid":{"rendered":"https:\/\/icoinformativo.mx\/home\/?p=29689"},"modified":"2025-01-08T02:14:31","modified_gmt":"2025-01-08T02:14:31","slug":"seguridad-vial-y-manejo-a-la-defensiva-para-motociclistas-en-pichucalco","status":"publish","type":"post","link":"https:\/\/icoinformativo.mx\/home\/?p=29689","title":{"rendered":"Seguridad Vial y Manejo a la Defensiva para Motociclistas en Pichucalco"},"content":{"rendered":"<p>&nbsp;<\/p>\n<p>Para garantizar la seguridad vial y el manejo a la defensiva para motociclistas, el Maestro Andr\u00e9s Carballo C\u00f3rdova ha gestionado la certificaci\u00f3n de motociclistas a trav\u00e9s del ICATECH.<\/p>\n<p>&nbsp;<\/p>\n<p>Los motociclistas podr\u00e1n obtener esta certificaci\u00f3n inscribi\u00e9ndose al curso de Educaci\u00f3n Vial y Manejo a la Defensiva para Motociclistas, que se impartir\u00e1 el 14 de enero a las 10:00 horas en el auditorio Jorge Camacho Vidal.<\/p>\n<p>&nbsp;<\/p>\n<p>Alejandra Bustamante Morales, directora del IMDEM, inform\u00f3 que las indicaciones del alcalde Andr\u00e9s Carballo C\u00f3rdova son trabajar de forma coordinada con las dependencias del estado y ser facilitadores para los ciudadanos de Pichucalco, con el objetivo de lograr un entorno m\u00e1s seguro y responsable para la movilidad vial.<\/p>\n<p>&nbsp;<\/p>\n<p>En este contexto, los funcionarios municipales Jos\u00e9 Alejandro Ram\u00edrez Narez, encargado de Seguridad P\u00fablica, Jes\u00fas V\u00e1zquez Roque, director de Tr\u00e1nsito y Vialidad, Alejandra Bustamante Morales, directora del IMDEM, as\u00ed como los delegados Rafael Urbina, delegado de Tr\u00e1nsito del Estado, y Jos\u00e9 Ram\u00f3n \u00c1lvarez L\u00f3pez, delegado de ICATECH, coincidieron en seguir generando acciones que contribuyan a un Gobierno Humanista que Transforma.<\/p>\n<p>&nbsp;<\/p>\n<p>\u00a1Acciones que Contribuyen al Cambio!<\/p>\n","protected":false},"excerpt":{"rendered":"<p>&nbsp; Para garantizar la seguridad vial y el manejo a la defensiva para motociclistas, el&#8230;<\/p>\n","protected":false},"author":2,"featured_media":29690,"comment_status":"closed","ping_status":"closed","sticky":false,"template":"","format":"standard","meta":{"_joinchat":[],"footnotes":""},"categories":[18,1,2,3],"tags":[],"class_list":["post-29689","post","type-post","status-publish","format-standard","has-post-thumbnail","hentry","category-almomento","category-boletin","category-estado","category-health"],"_links":{"self":[{"href":"https:\/\/icoinformativo.mx\/home\/index.php?rest_route=\/wp\/v2\/posts\/29689","targetHints":{"allow":["GET"]}}],"collection":[{"href":"https:\/\/icoinformativo.mx\/home\/index.php?rest_route=\/wp\/v2\/posts"}],"about":[{"href":"https:\/\/icoinformativo.mx\/home\/index.php?rest_route=\/wp\/v2\/types\/post"}],"author":[{"embeddable":true,"href":"https:\/\/icoinformativo.mx\/home\/index.php?rest_route=\/wp\/v2\/users\/2"}],"replies":[{"embeddable":true,"href":"https:\/\/icoinformativo.mx\/home\/index.php?rest_route=%2Fwp%2Fv2%2Fcomments&post=29689"}],"version-history":[{"count":1,"href":"https:\/\/icoinformativo.mx\/home\/index.php?rest_route=\/wp\/v2\/posts\/29689\/revisions"}],"predecessor-version":[{"id":29691,"href":"https:\/\/icoinformativo.mx\/home\/index.php?rest_route=\/wp\/v2\/posts\/29689\/revisions\/29691"}],"wp:featuredmedia":[{"embeddable":true,"href":"https:\/\/icoinformativo.mx\/home\/index.php?rest_route=\/wp\/v2\/media\/29690"}],"wp:attachment":[{"href":"https:\/\/icoinformativo.mx\/home\/index.php?rest_route=%2Fwp%2Fv2%2Fmedia&parent=29689"}],"wp:term":[{"taxonomy":"category","embeddable":true,"href":"https:\/\/icoinformativo.mx\/home\/index.php?rest_route=%2Fwp%2Fv2%2Fcategories&post=29689"},{"taxonomy":"post_tag","embeddable":true,"href":"https:\/\/icoinformativo.mx\/home\/index.php?rest_route=%2Fwp%2Fv2%2Ftags&post=29689"}],"curies":[{"name":"wp","href":"https:\/\/api.w.org\/{rel}","templated":true}]}}