{"id":29686,"date":"2025-01-08T02:12:25","date_gmt":"2025-01-08T02:12:25","guid":{"rendered":"https:\/\/icoinformativo.mx\/home\/?p=29686"},"modified":"2025-01-08T02:12:25","modified_gmt":"2025-01-08T02:12:25","slug":"cecyte-chiapas-conforma-282-comites-de-voluntariado-para-el-programa-chiapas-puede","status":"publish","type":"post","link":"https:\/\/icoinformativo.mx\/home\/?p=29686","title":{"rendered":"Cecyte Chiapas conforma 282 comit\u00e9s de voluntariado para el programa \u201cChiapas Puede\u201d"},"content":{"rendered":"<p>&nbsp;<\/p>\n<p>\u2022 El evento tuvo una participaci\u00f3n total de 362 trabajadores<\/p>\n<p>&nbsp;<\/p>\n<p>El Colegio de Estudios Cient\u00edficos y Tecnol\u00f3gicos del Estado de Chiapas (Cecyte Chiapas), a trav\u00e9s de la direcci\u00f3n acad\u00e9mica, llev\u00f3 a cabo la Primera Reuni\u00f3n Estatal con directores, responsables de planteles del Telebachillerato Comunitario y enlaces operativos, para difundir y sensibilizar sobre el programa de alfabetizaci\u00f3n \u201cChiapas Puede\u201d.<\/p>\n<p>&nbsp;<\/p>\n<p>El evento fue presidido por el secretario de Educaci\u00f3n, Roger Adri\u00e1n Mandujano Ayala, y el titular del Colegio, Luis Guadalupe Morales \u00c1ngeles. Ambos destacaron que la educaci\u00f3n es un derecho b\u00e1sico y universal que proporciona las habilidades necesarias para el desarrollo personal y laboral.<\/p>\n<p>&nbsp;<\/p>\n<p>Morales \u00c1ngeles destac\u00f3 que la instituci\u00f3n se suma al programa \u201cChiapas Puede\u201d mediante la formaci\u00f3n de 282 comit\u00e9s de alfabetizaci\u00f3n, integrados por 946 trabajadores comprometidos con llevar la luz del conocimiento. \u201cCada logro es un paso adelante; un grito de esperanza que nos recuerda que, cuando trabajamos juntos, Chiapas Puede\u201d, expres\u00f3.<\/p>\n<p>&nbsp;<\/p>\n<p>Asimismo, se registraron 1,050 expedientes de estudiantes que respondieron positivamente al llamado como voluntarios alfabetizadores.<\/p>\n<p>&nbsp;<\/p>\n<p>Por su parte, Mandujano Ayala reconoci\u00f3 la participaci\u00f3n de quienes se sumaron a esta jornada hist\u00f3rica, destacando que cada uno ser\u00e1 pieza clave en esta estrategia desde sus centros de trabajo. \u201cAlfabetizar no solo es ense\u00f1ar a leer y escribir; es sembrar una nueva conciencia social basada en el humanismo transformador impulsado por el gobernador Eduardo Ram\u00edrez Aguilar\u201d, afirm\u00f3.<\/p>\n<p>&nbsp;<\/p>\n<p>Finalmente, Aline Monserrat Serrano Hern\u00e1ndez, estudiante y representante de los 282 comit\u00e9s de voluntariado del programa \u201cChiapas Puede\u201d, expres\u00f3 su compromiso de contribuir a reducir la tasa de analfabetismo en Chiapas, del 13.7% al 4%, respetando la identidad de los pueblos originarios.<\/p>\n","protected":false},"excerpt":{"rendered":"<p>&nbsp; \u2022 El evento tuvo una participaci\u00f3n total de 362 trabajadores &nbsp; El Colegio de&#8230;<\/p>\n","protected":false},"author":2,"featured_media":29687,"comment_status":"closed","ping_status":"closed","sticky":false,"template":"","format":"standard","meta":{"_joinchat":[],"footnotes":""},"categories":[18,1,2,3],"tags":[],"class_list":["post-29686","post","type-post","status-publish","format-standard","has-post-thumbnail","hentry","category-almomento","category-boletin","category-estado","category-health"],"_links":{"self":[{"href":"https:\/\/icoinformativo.mx\/home\/index.php?rest_route=\/wp\/v2\/posts\/29686","targetHints":{"allow":["GET"]}}],"collection":[{"href":"https:\/\/icoinformativo.mx\/home\/index.php?rest_route=\/wp\/v2\/posts"}],"about":[{"href":"https:\/\/icoinformativo.mx\/home\/index.php?rest_route=\/wp\/v2\/types\/post"}],"author":[{"embeddable":true,"href":"https:\/\/icoinformativo.mx\/home\/index.php?rest_route=\/wp\/v2\/users\/2"}],"replies":[{"embeddable":true,"href":"https:\/\/icoinformativo.mx\/home\/index.php?rest_route=%2Fwp%2Fv2%2Fcomments&post=29686"}],"version-history":[{"count":1,"href":"https:\/\/icoinformativo.mx\/home\/index.php?rest_route=\/wp\/v2\/posts\/29686\/revisions"}],"predecessor-version":[{"id":29688,"href":"https:\/\/icoinformativo.mx\/home\/index.php?rest_route=\/wp\/v2\/posts\/29686\/revisions\/29688"}],"wp:featuredmedia":[{"embeddable":true,"href":"https:\/\/icoinformativo.mx\/home\/index.php?rest_route=\/wp\/v2\/media\/29687"}],"wp:attachment":[{"href":"https:\/\/icoinformativo.mx\/home\/index.php?rest_route=%2Fwp%2Fv2%2Fmedia&parent=29686"}],"wp:term":[{"taxonomy":"category","embeddable":true,"href":"https:\/\/icoinformativo.mx\/home\/index.php?rest_route=%2Fwp%2Fv2%2Fcategories&post=29686"},{"taxonomy":"post_tag","embeddable":true,"href":"https:\/\/icoinformativo.mx\/home\/index.php?rest_route=%2Fwp%2Fv2%2Ftags&post=29686"}],"curies":[{"name":"wp","href":"https:\/\/api.w.org\/{rel}","templated":true}]}}