{"id":29683,"date":"2025-01-08T02:10:31","date_gmt":"2025-01-08T02:10:31","guid":{"rendered":"https:\/\/icoinformativo.mx\/home\/?p=29683"},"modified":"2025-01-08T02:10:31","modified_gmt":"2025-01-08T02:10:31","slug":"icheja-y-ammje-unen-esfuerzos-para-erradicar-el-analfabetismo-en-chiapas","status":"publish","type":"post","link":"https:\/\/icoinformativo.mx\/home\/?p=29683","title":{"rendered":"Icheja y AMMJE unen esfuerzos para erradicar el analfabetismo en Chiapas"},"content":{"rendered":"<p>&nbsp;<\/p>\n<p>\u2022 El titular del Icheja, Sergio David Molina G\u00f3mez, hizo un llamado a todos los sectores de la sociedad para unirse en esta cruzada por la alfabetizaci\u00f3n<\/p>\n<p>&nbsp;<\/p>\n<p>Tuxtla Guti\u00e9rrez, Chiapas.- El Instituto Chiapaneco de Educaci\u00f3n para J\u00f3venes y Adultos (Icheja) y la Asociaci\u00f3n Mexicana de Mujeres Jefas de Empresas A.C. (AMMJE), firmaron un convenio de colaboraci\u00f3n, consolidando una alianza estrat\u00e9gica para fortalecer el programa de alfabetizaci\u00f3n \u201cChiapas Puede\u201d, una iniciativa del Gobierno del Estado implementada a trav\u00e9s del Icheja.<\/p>\n<p>&nbsp;<\/p>\n<p>El principal objetivo de este convenio es llevar a cabo acciones conjuntas con diversos organismos empresariales y de la sociedad civil, a fin de atender a las m\u00e1s de 512 mil chiapanecas y chiapanecos que no saben leer ni escribir. Con esta acci\u00f3n, se busca que Chiapas pueda declararse un territorio libre de analfabetismo, cumpliendo con los principios de equidad, inclusi\u00f3n y justicia social.<\/p>\n<p>&nbsp;<\/p>\n<p>Durante la firma del convenio celebrada en el Sal\u00f3n \u201cDr. Jacinto Arias\u201d de la Secretar\u00eda de Educaci\u00f3n, el titular del Icheja, Sergio David Molina G\u00f3mez, agradeci\u00f3 la suma de esfuerzos para sacar adelante este gran de reto de erradicar el analfabetismo en Chiapas, el cual, afecta en su mayor\u00eda a las mujeres de los pueblos originarios.<\/p>\n<p>&nbsp;<\/p>\n<p>Molina G\u00f3mez hizo un llamado a todos los sectores de la sociedad chiapaneca para unirse y poder llegar a cualquier rinc\u00f3n de la geograf\u00eda estatal, por ello, reconoci\u00f3 a su vez, el trabajo de las mujeres de la AMMJE, quienes demuestran su liderazgo a trav\u00e9s de la firma de dicho acuerdo.<\/p>\n<p>&nbsp;<\/p>\n<p>Por su parte, Laura Garc\u00eda Ochoa, delegada regional y presidenta AMMJE Tuxtla Guti\u00e9rrez, destac\u00f3 la importancia de sumarse a esta misi\u00f3n humanitaria poniendo a disposici\u00f3n a sus empresarias alfa, as\u00ed como los espacios necesarios para promover y difundir en todo momento la iniciativa m\u00e1s importante en materia de educaci\u00f3n en el estado.<\/p>\n<p>&nbsp;<\/p>\n<p>En este contexto, reconoci\u00f3 el liderazgo del Icheja y la Secretar\u00eda de Educaci\u00f3n, y agradeci\u00f3 el abrir esta puerta de colaboraci\u00f3n a favor de la alfabetizaci\u00f3n para demostrar que \u201cChiapas Puede\u201d con cualquier reto y as\u00ed transformar con humanismo la realidad de su gente y en especial de las mujeres.<\/p>\n<p>&nbsp;<\/p>\n<p>Asimismo, resalt\u00f3 la visi\u00f3n de las empresarias AMMJE de Tuxtla Guti\u00e9rrez, Tapachula, Tonal\u00e1, Arriaga y San Crist\u00f3bal de Las Casas, por impulsar acciones que trasciendan en el bienestar de la entidad chiapaneca.<\/p>\n<p>&nbsp;<\/p>\n<p>En el marco de este acuerdo, Armando Contreras Castillo, director general del Instituto Nacional para la Educaci\u00f3n de los Adultos (INEA), puntualiz\u00f3 que en esta cruzada resulta fundamental realizar un proceso de sensibilizaci\u00f3n en cada individuo y recobrar el deseo de que \u201cnunca es tarde para aprender\u201d.<\/p>\n<p>&nbsp;<\/p>\n<p>En este convenio, tambi\u00e9n qued\u00f3 plasmada la firma como testigo de honor del Secretario de Educaci\u00f3n en el estado, Roger Adri\u00e1n Mandujano Ayala.<\/p>\n<p>&nbsp;<\/p>\n<p>Cabe recordar que, el programa \u201cChiapas Puede\u201d contempla actividades de alfabetizaci\u00f3n, talleres de sensibilizaci\u00f3n y formaci\u00f3n, as\u00ed como la generaci\u00f3n de alianzas con sectores clave para garantizar una cobertura amplia y eficaz en las regiones y comunidades con mayor rezago educativo.<\/p>\n<p>&nbsp;<\/p>\n<p>Con esta iniciativa el Gobierno del Estado, el Icheja, la AMMJE y el sector empresarial de Chiapas reafirman su compromiso con el derecho universal a la educaci\u00f3n, trabajando juntos para transformar la realidad educativa y social de miles de chiapanecos y chiapanecas.<\/p>\n","protected":false},"excerpt":{"rendered":"<p>&nbsp; \u2022 El titular del Icheja, Sergio David Molina G\u00f3mez, hizo un llamado a todos&#8230;<\/p>\n","protected":false},"author":2,"featured_media":29684,"comment_status":"closed","ping_status":"closed","sticky":false,"template":"","format":"standard","meta":{"_joinchat":[],"footnotes":""},"categories":[18,1,2,3],"tags":[],"class_list":["post-29683","post","type-post","status-publish","format-standard","has-post-thumbnail","hentry","category-almomento","category-boletin","category-estado","category-health"],"_links":{"self":[{"href":"https:\/\/icoinformativo.mx\/home\/index.php?rest_route=\/wp\/v2\/posts\/29683","targetHints":{"allow":["GET"]}}],"collection":[{"href":"https:\/\/icoinformativo.mx\/home\/index.php?rest_route=\/wp\/v2\/posts"}],"about":[{"href":"https:\/\/icoinformativo.mx\/home\/index.php?rest_route=\/wp\/v2\/types\/post"}],"author":[{"embeddable":true,"href":"https:\/\/icoinformativo.mx\/home\/index.php?rest_route=\/wp\/v2\/users\/2"}],"replies":[{"embeddable":true,"href":"https:\/\/icoinformativo.mx\/home\/index.php?rest_route=%2Fwp%2Fv2%2Fcomments&post=29683"}],"version-history":[{"count":1,"href":"https:\/\/icoinformativo.mx\/home\/index.php?rest_route=\/wp\/v2\/posts\/29683\/revisions"}],"predecessor-version":[{"id":29685,"href":"https:\/\/icoinformativo.mx\/home\/index.php?rest_route=\/wp\/v2\/posts\/29683\/revisions\/29685"}],"wp:featuredmedia":[{"embeddable":true,"href":"https:\/\/icoinformativo.mx\/home\/index.php?rest_route=\/wp\/v2\/media\/29684"}],"wp:attachment":[{"href":"https:\/\/icoinformativo.mx\/home\/index.php?rest_route=%2Fwp%2Fv2%2Fmedia&parent=29683"}],"wp:term":[{"taxonomy":"category","embeddable":true,"href":"https:\/\/icoinformativo.mx\/home\/index.php?rest_route=%2Fwp%2Fv2%2Fcategories&post=29683"},{"taxonomy":"post_tag","embeddable":true,"href":"https:\/\/icoinformativo.mx\/home\/index.php?rest_route=%2Fwp%2Fv2%2Ftags&post=29683"}],"curies":[{"name":"wp","href":"https:\/\/api.w.org\/{rel}","templated":true}]}}