{"id":29680,"date":"2025-01-08T02:06:20","date_gmt":"2025-01-08T02:06:20","guid":{"rendered":"https:\/\/icoinformativo.mx\/home\/?p=29680"},"modified":"2025-01-08T02:06:20","modified_gmt":"2025-01-08T02:06:20","slug":"se-reune-titular-de-sagyp-con-productores-de-cacao-y-chocolate","status":"publish","type":"post","link":"https:\/\/icoinformativo.mx\/home\/?p=29680","title":{"rendered":"Se re\u00fane titular de SAGyP con productores de cacao y chocolate"},"content":{"rendered":"<p>&nbsp;<\/p>\n<p>El secretario de Agricultura, Ganader\u00eda y Pesca (SAGyP), Marco Antonio Barba Arrocha, sostuvo una reuni\u00f3n con productores de cacao y chocolate, donde se propuso realizar el 7\u00b0 Festival Chiapaneco del Cacao y Chocolate, en fecha y lugar a\u00fan por determinar.<\/p>\n<p>&nbsp;<\/p>\n<p>Durante el encuentro, Barba Arrocha inst\u00f3 a los cacaoteros a fortalecer su organizaci\u00f3n y ampliar el proyecto con foros de capacitaci\u00f3n y estrategias de comercializaci\u00f3n, con miras a posicionar los productos chiapanecos en el mercado internacional.<\/p>\n<p>&nbsp;<\/p>\n<p>\u00abEste gobierno encabezado por Eduardo Ram\u00edrez Aguilar, respalda plenamente esta iniciativa para promover la riqueza y el potencial de Chiapas\u00bb, afirm\u00f3.<\/p>\n<p>&nbsp;<\/p>\n<p>Se record\u00f3 que este festival, que surgi\u00f3 como una iniciativa ciudadana, ha contado con el apoyo de instituciones, empresas y productores, y representa una fuente de ingresos para 15 mil familias.<\/p>\n<p>&nbsp;<\/p>\n<p>Entre las propuestas destacadas se plante\u00f3 establecer una colaboraci\u00f3n con la Universidad Aut\u00f3noma de Chiapas (Unach), para ofrecer capacitaciones en t\u00e9cnicas de cultivo sostenible, innovaci\u00f3n y buenas pr\u00e1cticas agr\u00edcolas.<\/p>\n<p>&nbsp;<\/p>\n<p>El secretario respald\u00f3 el proyecto por su contribuci\u00f3n a la identidad, tradiciones y econom\u00eda estatal, en tanto los productores coincidieron en que fortalecer la chocolater\u00eda tradicional podr\u00eda abrir las puertas a eventos internacionales como los festivales de \u00c1msterdam e Italia.<\/p>\n<p>&nbsp;<\/p>\n<p>Entre los asistentes estuvieron: Jos\u00e9 Rodolfo Campan \u00c1lvarez, Fabio P\u00e9rez Rom\u00e1n y Jorge Luis de los Santos, del festival; Sandra Isabel Ram\u00edrez Gonz\u00e1lez y Orlando L\u00f3pez B\u00e1ez, de la Unach; as\u00ed como la propietaria de la hacienda Napan\u00e1, Martha Contreras, y Rafael Vila, del rancho El Carmen, en Pichucalco.<\/p>\n","protected":false},"excerpt":{"rendered":"<p>&nbsp; El secretario de Agricultura, Ganader\u00eda y Pesca (SAGyP), Marco Antonio Barba Arrocha, sostuvo una&#8230;<\/p>\n","protected":false},"author":2,"featured_media":29681,"comment_status":"closed","ping_status":"closed","sticky":false,"template":"","format":"standard","meta":{"_joinchat":[],"footnotes":""},"categories":[1,2,3],"tags":[],"class_list":["post-29680","post","type-post","status-publish","format-standard","has-post-thumbnail","hentry","category-boletin","category-estado","category-health"],"_links":{"self":[{"href":"https:\/\/icoinformativo.mx\/home\/index.php?rest_route=\/wp\/v2\/posts\/29680","targetHints":{"allow":["GET"]}}],"collection":[{"href":"https:\/\/icoinformativo.mx\/home\/index.php?rest_route=\/wp\/v2\/posts"}],"about":[{"href":"https:\/\/icoinformativo.mx\/home\/index.php?rest_route=\/wp\/v2\/types\/post"}],"author":[{"embeddable":true,"href":"https:\/\/icoinformativo.mx\/home\/index.php?rest_route=\/wp\/v2\/users\/2"}],"replies":[{"embeddable":true,"href":"https:\/\/icoinformativo.mx\/home\/index.php?rest_route=%2Fwp%2Fv2%2Fcomments&post=29680"}],"version-history":[{"count":1,"href":"https:\/\/icoinformativo.mx\/home\/index.php?rest_route=\/wp\/v2\/posts\/29680\/revisions"}],"predecessor-version":[{"id":29682,"href":"https:\/\/icoinformativo.mx\/home\/index.php?rest_route=\/wp\/v2\/posts\/29680\/revisions\/29682"}],"wp:featuredmedia":[{"embeddable":true,"href":"https:\/\/icoinformativo.mx\/home\/index.php?rest_route=\/wp\/v2\/media\/29681"}],"wp:attachment":[{"href":"https:\/\/icoinformativo.mx\/home\/index.php?rest_route=%2Fwp%2Fv2%2Fmedia&parent=29680"}],"wp:term":[{"taxonomy":"category","embeddable":true,"href":"https:\/\/icoinformativo.mx\/home\/index.php?rest_route=%2Fwp%2Fv2%2Fcategories&post=29680"},{"taxonomy":"post_tag","embeddable":true,"href":"https:\/\/icoinformativo.mx\/home\/index.php?rest_route=%2Fwp%2Fv2%2Ftags&post=29680"}],"curies":[{"name":"wp","href":"https:\/\/api.w.org\/{rel}","templated":true}]}}