{"id":29674,"date":"2025-01-08T02:00:50","date_gmt":"2025-01-08T02:00:50","guid":{"rendered":"https:\/\/icoinformativo.mx\/home\/?p=29674"},"modified":"2025-01-08T02:00:50","modified_gmt":"2025-01-08T02:00:50","slug":"federacion-de-asociaciones-y-colegios-medicos-de-chiapas-se-suma-al-proyecto-de-la-nueva-era-en-salud","status":"publish","type":"post","link":"https:\/\/icoinformativo.mx\/home\/?p=29674","title":{"rendered":"Federaci\u00f3n de asociaciones y colegios m\u00e9dicos de Chiapas se suma al proyecto de la Nueva Era en Salud"},"content":{"rendered":"<p>&nbsp;<\/p>\n<p>\u00b7 La voz de las asociaciones y colegios debe ser incluida en los proyectos de salud: secretario Omar G\u00f3mez<\/p>\n<p>\u00b7 La vinculaci\u00f3n es m\u00e1s crucial que nunca para desarrollar programas que mejoren la salud p\u00fablica: presidente de la Feacomech<\/p>\n<p>&nbsp;<\/p>\n<p>Tuxtla Guti\u00e9rrez, Chiapas; 07 de enero de 2024.- Para alcanzar el objetivo de lograr un sistema de salud incluyente, equitativo y universal se requiere el trabajo conjunto de los sectores p\u00fablico y privado, por eso los convoco a sumarse al proyecto social y humanista del gobernador Eduardo Ram\u00edrez Aguilar, de hacer de Chiapas el estado de la salud, manifest\u00f3 el secretario del ramo, Omar G\u00f3mez Cruz, al reunirse con miembros de la Federaci\u00f3n de Asociaciones y Colegios M\u00e9dicos de la entidad (Feacomech).<\/p>\n<p>&nbsp;<\/p>\n<p>El titular de la Secretar\u00eda de Salud mencion\u00f3 que, a un mes del inicio de la Nueva Era en salud, en Chiapas est\u00e1 firme la construcci\u00f3n del segundo piso de la Cuarta Transformaci\u00f3n con propuestas concretas para hacer frente a los retos del estado, entre ellos asegurar el acceso a servicios m\u00e9dicos a m\u00e1s de 20 mil comunidades y garantizar la cobertura de personal de salud en localidades ind\u00edgenas.<\/p>\n<p>&nbsp;<\/p>\n<p>En su intervenci\u00f3n, el presidente de la Feacomech, Didier G\u00f3mez Trujillo, afirm\u00f3 que est\u00e1n comprometidos en apoyar las iniciativas de gobierno y ser aliados en la implementaci\u00f3n de pol\u00edticas p\u00fablicas efectivas. \u00abLa salud es la prioridad que nos une. La vinculaci\u00f3n es m\u00e1s crucial que nunca para desarrollar programas que promuevan la prevenci\u00f3n\u00bb, mencion\u00f3.<\/p>\n<p>&nbsp;<\/p>\n<p>Tambi\u00e9n present\u00f3 las inquietudes y proyectos de la Federaci\u00f3n para mejorar la salud p\u00fablica de la entidad: implementar campa\u00f1as de h\u00e1bitos saludables; fomentar la investigaci\u00f3n; actualizaci\u00f3n de los profesionales de la salud con eventos acad\u00e9micos, que a su vez promueven el turismo m\u00e9dico; realizar un censo estatal de profesionales de salud por especialidad y disciplina; participar en el dise\u00f1o de planes de estudios de instituciones educativas de carretas afines a la salud; regularizaci\u00f3n de m\u00e9dicos que ejercen sin c\u00e9dula profesional; regularizaci\u00f3n de establecimientos m\u00e9dicos; entre otros.<\/p>\n<p>&nbsp;<\/p>\n<p>En respuesta a dichos planteamientos, el secretario de Salud se\u00f1al\u00f3 que la voz de las asociaciones y colegios es fundamental, por eso ser\u00e1 incluida en los proyectos de la Nueva Era, como en el Consejo Consultivo, \u00f3rgano que se crear\u00e1 en breve.<\/p>\n<p>&nbsp;<\/p>\n<p>En lo relativo a la regularizaci\u00f3n de m\u00e9dicos y establecimientos, indic\u00f3 que est\u00e1 en marcha un operativo de verificaci\u00f3n en cl\u00ednicas y hospitales. Respecto a los planes de estudios, coment\u00f3 que se mejorar\u00e1 la curr\u00edcula de la carrera de medicina.<\/p>\n<p>&nbsp;<\/p>\n<p>La Federaci\u00f3n de Asociaciones y Colegios M\u00e9dicos de Chiapas surgi\u00f3 el 30 de marzo de 1978 como Colegio M\u00e9dico; en 2012 elev\u00f3 su denominaci\u00f3n a Federaci\u00f3n. Actualmente est\u00e1 integrada por 300 miembros.<\/p>\n","protected":false},"excerpt":{"rendered":"<p>&nbsp; \u00b7 La voz de las asociaciones y colegios debe ser incluida en los proyectos&#8230;<\/p>\n","protected":false},"author":2,"featured_media":29675,"comment_status":"closed","ping_status":"closed","sticky":false,"template":"","format":"standard","meta":{"_joinchat":[],"footnotes":""},"categories":[18,1,2,3],"tags":[],"class_list":["post-29674","post","type-post","status-publish","format-standard","has-post-thumbnail","hentry","category-almomento","category-boletin","category-estado","category-health"],"_links":{"self":[{"href":"https:\/\/icoinformativo.mx\/home\/index.php?rest_route=\/wp\/v2\/posts\/29674","targetHints":{"allow":["GET"]}}],"collection":[{"href":"https:\/\/icoinformativo.mx\/home\/index.php?rest_route=\/wp\/v2\/posts"}],"about":[{"href":"https:\/\/icoinformativo.mx\/home\/index.php?rest_route=\/wp\/v2\/types\/post"}],"author":[{"embeddable":true,"href":"https:\/\/icoinformativo.mx\/home\/index.php?rest_route=\/wp\/v2\/users\/2"}],"replies":[{"embeddable":true,"href":"https:\/\/icoinformativo.mx\/home\/index.php?rest_route=%2Fwp%2Fv2%2Fcomments&post=29674"}],"version-history":[{"count":1,"href":"https:\/\/icoinformativo.mx\/home\/index.php?rest_route=\/wp\/v2\/posts\/29674\/revisions"}],"predecessor-version":[{"id":29676,"href":"https:\/\/icoinformativo.mx\/home\/index.php?rest_route=\/wp\/v2\/posts\/29674\/revisions\/29676"}],"wp:featuredmedia":[{"embeddable":true,"href":"https:\/\/icoinformativo.mx\/home\/index.php?rest_route=\/wp\/v2\/media\/29675"}],"wp:attachment":[{"href":"https:\/\/icoinformativo.mx\/home\/index.php?rest_route=%2Fwp%2Fv2%2Fmedia&parent=29674"}],"wp:term":[{"taxonomy":"category","embeddable":true,"href":"https:\/\/icoinformativo.mx\/home\/index.php?rest_route=%2Fwp%2Fv2%2Fcategories&post=29674"},{"taxonomy":"post_tag","embeddable":true,"href":"https:\/\/icoinformativo.mx\/home\/index.php?rest_route=%2Fwp%2Fv2%2Ftags&post=29674"}],"curies":[{"name":"wp","href":"https:\/\/api.w.org\/{rel}","templated":true}]}}