{"id":29668,"date":"2025-01-07T04:27:27","date_gmt":"2025-01-07T04:27:27","guid":{"rendered":"https:\/\/icoinformativo.mx\/home\/?p=29668"},"modified":"2025-01-07T04:27:27","modified_gmt":"2025-01-07T04:27:27","slug":"con-operativo-cero-impunidad-blindan-suchiate-ssp","status":"publish","type":"post","link":"https:\/\/icoinformativo.mx\/home\/?p=29668","title":{"rendered":"Con operativo \u201cCero Impunidad\u201d, blindan Suchiate: SSP*"},"content":{"rendered":"<p>&nbsp;<\/p>\n<p>La Secretar\u00eda de Seguridad del Pueblo (SSP), que encabeza el doctor y piloto aviador, \u00d3scar Alberto Aparicio Avenda\u00f1o, a trav\u00e9s de la Fuerza de Reacci\u00f3n Inmediata Pakal (FRIP), en coordinaci\u00f3n con la Polic\u00eda De Investigaci\u00f3n (PDI) de la Fiscal\u00eda General del Estado (FGE) que dirige Jorge Luis Llaven Abarca, implementaron operativo \u201cCero Impunidad\u201d en el municipio de Suchiate, con el objetivo de brindar seguridad y resguardar la integridad f\u00edsica y patrimonial de la ciudadan\u00eda, adem\u00e1s del combate a las expresiones delictivas en contra de la paz social.<\/p>\n<p>&nbsp;<\/p>\n<p>En operativo interinstitucional desplegado en la geograf\u00eda del municipio, se establecieron recorridos y patrullajes pie-tierra, se instalaron puntos de revisi\u00f3n vehicular en tramos carreteros, caminos de extrav\u00edo y zonas comerciales.<\/p>\n<p>&nbsp;<\/p>\n<p>Todas las acciones preventivas y disuasivas, son con el objetivo de generar condiciones de seguridad para la ciudadan\u00eda y generar la proximidad social, fomentando la cultura de la denuncia a trav\u00e9s de los n\u00fameros de emergencia 911 o denuncia an\u00f3nima 089.<\/p>\n<p>&nbsp;<\/p>\n<p>Tal como lo ha instruido el gobernador del estado de Chiapas, Eduardo Ram\u00edrez, se trabaja de manera conjunta con las instituciones de los tres niveles de gobierno.<\/p>\n<p>&nbsp;<\/p>\n<p>La Secretar\u00eda de Seguridad del Pueblo y la Fiscal\u00eda General del Estado, contin\u00faan trabajando de manera coordinada para brindar los resultados que el gobierno estatal traz\u00f3 ante la puesta en marcha del operativo Cero Impunidad.<\/p>\n","protected":false},"excerpt":{"rendered":"<p>&nbsp; La Secretar\u00eda de Seguridad del Pueblo (SSP), que encabeza el doctor y piloto aviador,&#8230;<\/p>\n","protected":false},"author":2,"featured_media":29669,"comment_status":"closed","ping_status":"closed","sticky":false,"template":"","format":"standard","meta":{"_joinchat":[],"footnotes":""},"categories":[18,1,2,3],"tags":[],"class_list":["post-29668","post","type-post","status-publish","format-standard","has-post-thumbnail","hentry","category-almomento","category-boletin","category-estado","category-health"],"_links":{"self":[{"href":"https:\/\/icoinformativo.mx\/home\/index.php?rest_route=\/wp\/v2\/posts\/29668","targetHints":{"allow":["GET"]}}],"collection":[{"href":"https:\/\/icoinformativo.mx\/home\/index.php?rest_route=\/wp\/v2\/posts"}],"about":[{"href":"https:\/\/icoinformativo.mx\/home\/index.php?rest_route=\/wp\/v2\/types\/post"}],"author":[{"embeddable":true,"href":"https:\/\/icoinformativo.mx\/home\/index.php?rest_route=\/wp\/v2\/users\/2"}],"replies":[{"embeddable":true,"href":"https:\/\/icoinformativo.mx\/home\/index.php?rest_route=%2Fwp%2Fv2%2Fcomments&post=29668"}],"version-history":[{"count":1,"href":"https:\/\/icoinformativo.mx\/home\/index.php?rest_route=\/wp\/v2\/posts\/29668\/revisions"}],"predecessor-version":[{"id":29670,"href":"https:\/\/icoinformativo.mx\/home\/index.php?rest_route=\/wp\/v2\/posts\/29668\/revisions\/29670"}],"wp:featuredmedia":[{"embeddable":true,"href":"https:\/\/icoinformativo.mx\/home\/index.php?rest_route=\/wp\/v2\/media\/29669"}],"wp:attachment":[{"href":"https:\/\/icoinformativo.mx\/home\/index.php?rest_route=%2Fwp%2Fv2%2Fmedia&parent=29668"}],"wp:term":[{"taxonomy":"category","embeddable":true,"href":"https:\/\/icoinformativo.mx\/home\/index.php?rest_route=%2Fwp%2Fv2%2Fcategories&post=29668"},{"taxonomy":"post_tag","embeddable":true,"href":"https:\/\/icoinformativo.mx\/home\/index.php?rest_route=%2Fwp%2Fv2%2Ftags&post=29668"}],"curies":[{"name":"wp","href":"https:\/\/api.w.org\/{rel}","templated":true}]}}