{"id":29661,"date":"2025-01-07T04:18:29","date_gmt":"2025-01-07T04:18:29","guid":{"rendered":"https:\/\/icoinformativo.mx\/home\/?p=29661"},"modified":"2025-01-07T04:18:29","modified_gmt":"2025-01-07T04:18:29","slug":"encabeza-eduardo-ramirez-instalacion-del-gabinete-de-infraestructura","status":"publish","type":"post","link":"https:\/\/icoinformativo.mx\/home\/?p=29661","title":{"rendered":"Encabeza Eduardo Ram\u00edrez instalaci\u00f3n del Gabinete de Infraestructura"},"content":{"rendered":"<p>&nbsp;<\/p>\n<p>El gobernador Eduardo Ram\u00edrez Aguilar presidi\u00f3 la instalaci\u00f3n del Gabinete de Infraestructura, durante la cual se present\u00f3 el Plan Chiapas-Balam, que tiene como objetivo principal fomentar el desarrollo integral y sostenible del estado a trav\u00e9s de proyectos que contemplan la construcci\u00f3n y modernizaci\u00f3n de v\u00edas de comunicaci\u00f3n, escuelas y hospitales, as\u00ed como la ampliaci\u00f3n de la cobertura de vivienda digna.<\/p>\n<p>&nbsp;<\/p>\n<p>En este contexto, Ram\u00edrez Aguilar destac\u00f3 que se llevar\u00e1n a cabo obras orientadas a fortalecer el turismo, la seguridad y el crecimiento econ\u00f3mico, con un enfoque en la inclusi\u00f3n social, la sostenibilidad ambiental, la seguridad, la protecci\u00f3n civil y el desarrollo social y econ\u00f3mico. Asimismo, subray\u00f3 la importancia de mejorar la conectividad urbana y rural.<\/p>\n<p>&nbsp;<\/p>\n<p>\u201cEstamos comprometidos con el desarrollo de obras prioritarias que sirvan al pueblo, fomentando la participaci\u00f3n social y la prosperidad compartida. Daremos a conocer todo lo que haremos en materia de infraestructura, en los rubros de escuelas, vivienda, hospitales y otros, en beneficio de las personas m\u00e1s pobres. Estos son los temas, nuestra agenda de gobierno est\u00e1 muy clara\u00bb, indic\u00f3.<\/p>\n<p>&nbsp;<\/p>\n<p>El mandatario anunci\u00f3 que, como una de las prioridades en la Nueva ERA, se consolidar\u00e1 la construcci\u00f3n del tramo carretero Palenque-Ocosingo, una obra de alto impacto social que cuenta con el respaldo de 29 comunidades. Este proyecto, asegur\u00f3, contribuir\u00e1 significativamente a mejorar la conectividad y a impulsar las actividades sociales, econ\u00f3micas y tur\u00edsticas de la regi\u00f3n.<\/p>\n<p>&nbsp;<\/p>\n<p>Ram\u00edrez Aguilar convoc\u00f3 a las instancias federales a que se sumen a esta iniciativa, destacando su relevancia para elevar la calidad de vida de la poblaci\u00f3n y fortalecer el progreso de Chiapas. Asimismo, explic\u00f3 que junto con las acciones en materia de seguridad, se est\u00e1 trabajando en proyectos como el transporte Cableb\u00fas de Tuxtla Guti\u00e9rrez, la restauraci\u00f3n de las microcuencas y el programa de Alfabetizaci\u00f3n Chiapas Puede, entre otros.<\/p>\n<p>&nbsp;<\/p>\n<p>La secretaria de Infraestructura, Anakaren G\u00f3mez Zuart, expuso que las y los integrantes del Gabinete de Infraestructura tienen el compromiso de trabajar de manera coordinada para realizar obras basadas en el humanismo y la justicia social. \u201cNos proponemos ser un referente nacional en infraestructura de calidad, sostenible, resiliente e inclusiva\u201d.<\/p>\n<p>&nbsp;<\/p>\n<p>Estuvieron presentes: la secretaria de Gobierno y Mediaci\u00f3n, Patricia del Carmen Conde Ruiz; el secretario de Finanzas, Manuel Francisco Antonio Pariente Gavito; el director del Inifech, Carlos Ildelfonso Jim\u00e9nez Trujillo; el secretario de Protecci\u00f3n Civil, Mauricio Cordero Rodr\u00edguez; la titular de la Secretar\u00eda de Medio Ambiente e Historia Natural, Magdalena Torres Abarca; la directora del Instituto del Agua, Karina Montesinos C\u00e1rdenas; el titular de la Promotora de Vivienda Chiapas, Fernando Farro Jos\u00e9.<\/p>\n<p>&nbsp;<\/p>\n<p>As\u00ed tambi\u00e9n, el delegado de Profepa en Chiapas, Jorge Enrique Zapata Nieto; la delegada de la Semarnat en Chiapas, Guadalupe Delia de la Cruz Guill\u00e9n; la directora del Centro INAH en Chiapas, Olivia Lara Jim\u00e9nez; el director general del Organismo Cuenca Frontera Sur de Conagua, Felipe Irineo P\u00e9rez; la directora general del Centro SICT Chiapas, Janette Cosmes V\u00e1squez y la diputada presidenta del Comit\u00e9 de Desarrollo Urbano y Obra P\u00fablica del Congreso del Estado, Alejandra G\u00f3mez Mendoza.<\/p>\n","protected":false},"excerpt":{"rendered":"<p>&nbsp; El gobernador Eduardo Ram\u00edrez Aguilar presidi\u00f3 la instalaci\u00f3n del Gabinete de Infraestructura, durante la&#8230;<\/p>\n","protected":false},"author":2,"featured_media":29662,"comment_status":"closed","ping_status":"closed","sticky":false,"template":"","format":"standard","meta":{"_joinchat":[],"footnotes":""},"categories":[18,1,2,3],"tags":[],"class_list":["post-29661","post","type-post","status-publish","format-standard","has-post-thumbnail","hentry","category-almomento","category-boletin","category-estado","category-health"],"_links":{"self":[{"href":"https:\/\/icoinformativo.mx\/home\/index.php?rest_route=\/wp\/v2\/posts\/29661","targetHints":{"allow":["GET"]}}],"collection":[{"href":"https:\/\/icoinformativo.mx\/home\/index.php?rest_route=\/wp\/v2\/posts"}],"about":[{"href":"https:\/\/icoinformativo.mx\/home\/index.php?rest_route=\/wp\/v2\/types\/post"}],"author":[{"embeddable":true,"href":"https:\/\/icoinformativo.mx\/home\/index.php?rest_route=\/wp\/v2\/users\/2"}],"replies":[{"embeddable":true,"href":"https:\/\/icoinformativo.mx\/home\/index.php?rest_route=%2Fwp%2Fv2%2Fcomments&post=29661"}],"version-history":[{"count":1,"href":"https:\/\/icoinformativo.mx\/home\/index.php?rest_route=\/wp\/v2\/posts\/29661\/revisions"}],"predecessor-version":[{"id":29663,"href":"https:\/\/icoinformativo.mx\/home\/index.php?rest_route=\/wp\/v2\/posts\/29661\/revisions\/29663"}],"wp:featuredmedia":[{"embeddable":true,"href":"https:\/\/icoinformativo.mx\/home\/index.php?rest_route=\/wp\/v2\/media\/29662"}],"wp:attachment":[{"href":"https:\/\/icoinformativo.mx\/home\/index.php?rest_route=%2Fwp%2Fv2%2Fmedia&parent=29661"}],"wp:term":[{"taxonomy":"category","embeddable":true,"href":"https:\/\/icoinformativo.mx\/home\/index.php?rest_route=%2Fwp%2Fv2%2Fcategories&post=29661"},{"taxonomy":"post_tag","embeddable":true,"href":"https:\/\/icoinformativo.mx\/home\/index.php?rest_route=%2Fwp%2Fv2%2Ftags&post=29661"}],"curies":[{"name":"wp","href":"https:\/\/api.w.org\/{rel}","templated":true}]}}