{"id":29655,"date":"2025-01-07T04:14:40","date_gmt":"2025-01-07T04:14:40","guid":{"rendered":"https:\/\/icoinformativo.mx\/home\/?p=29655"},"modified":"2025-01-07T04:14:40","modified_gmt":"2025-01-07T04:14:40","slug":"la-titular-de-semuigen-pone-en-marcha-jornada-de-curso-empodera-mujer","status":"publish","type":"post","link":"https:\/\/icoinformativo.mx\/home\/?p=29655","title":{"rendered":"La titular de Semuigen pone en marcha jornada de curso EmpodERA Mujer"},"content":{"rendered":"<p>&nbsp;<\/p>\n<p>La Secretar\u00eda de la Mujer e Igualdad de G\u00e9nero arranc\u00f3 la jornada de cursos EmpodERA Mujer a cargo de la licenciada Dulce Rodr\u00edguez Ovando, donde destac\u00f3 que es un proyecto dise\u00f1ado para mujeres que buscan crear o impulsar un emprendimiento.<\/p>\n<p>&nbsp;<\/p>\n<p>Se prev\u00e9 que a esta jornada asistan m\u00e1s de 300 emprendedoras, para recibir capacitaci\u00f3n fiscal y contable, con el objetivo de fortalecer la autonom\u00eda econ\u00f3mica de las mujeres y apoyar la formalizaci\u00f3n de sus negocios.<\/p>\n<p>&nbsp;<\/p>\n<p>Ante el \u00e9xito de la convocatoria, se prev\u00e9 abrir nuevas fechas en otras regiones del estado.<\/p>\n<p>&nbsp;<\/p>\n<p>\u00abEn la SEMUIGEN sabemos que es tiempo de mujeres, por eso seguimos promoviendo la igualdad de oportunidades, como lo ha indicado el gobernador Eduardo Ram\u00edrez\u00bb.<\/p>\n<p>&nbsp;<\/p>\n","protected":false},"excerpt":{"rendered":"<p>&nbsp; La Secretar\u00eda de la Mujer e Igualdad de G\u00e9nero arranc\u00f3 la jornada de cursos&#8230;<\/p>\n","protected":false},"author":2,"featured_media":29656,"comment_status":"closed","ping_status":"closed","sticky":false,"template":"","format":"standard","meta":{"_joinchat":[],"footnotes":""},"categories":[1,2,3],"tags":[],"class_list":["post-29655","post","type-post","status-publish","format-standard","has-post-thumbnail","hentry","category-boletin","category-estado","category-health"],"_links":{"self":[{"href":"https:\/\/icoinformativo.mx\/home\/index.php?rest_route=\/wp\/v2\/posts\/29655","targetHints":{"allow":["GET"]}}],"collection":[{"href":"https:\/\/icoinformativo.mx\/home\/index.php?rest_route=\/wp\/v2\/posts"}],"about":[{"href":"https:\/\/icoinformativo.mx\/home\/index.php?rest_route=\/wp\/v2\/types\/post"}],"author":[{"embeddable":true,"href":"https:\/\/icoinformativo.mx\/home\/index.php?rest_route=\/wp\/v2\/users\/2"}],"replies":[{"embeddable":true,"href":"https:\/\/icoinformativo.mx\/home\/index.php?rest_route=%2Fwp%2Fv2%2Fcomments&post=29655"}],"version-history":[{"count":1,"href":"https:\/\/icoinformativo.mx\/home\/index.php?rest_route=\/wp\/v2\/posts\/29655\/revisions"}],"predecessor-version":[{"id":29657,"href":"https:\/\/icoinformativo.mx\/home\/index.php?rest_route=\/wp\/v2\/posts\/29655\/revisions\/29657"}],"wp:featuredmedia":[{"embeddable":true,"href":"https:\/\/icoinformativo.mx\/home\/index.php?rest_route=\/wp\/v2\/media\/29656"}],"wp:attachment":[{"href":"https:\/\/icoinformativo.mx\/home\/index.php?rest_route=%2Fwp%2Fv2%2Fmedia&parent=29655"}],"wp:term":[{"taxonomy":"category","embeddable":true,"href":"https:\/\/icoinformativo.mx\/home\/index.php?rest_route=%2Fwp%2Fv2%2Fcategories&post=29655"},{"taxonomy":"post_tag","embeddable":true,"href":"https:\/\/icoinformativo.mx\/home\/index.php?rest_route=%2Fwp%2Fv2%2Ftags&post=29655"}],"curies":[{"name":"wp","href":"https:\/\/api.w.org\/{rel}","templated":true}]}}