{"id":29649,"date":"2025-01-07T02:10:03","date_gmt":"2025-01-07T02:10:03","guid":{"rendered":"https:\/\/icoinformativo.mx\/home\/?p=29649"},"modified":"2025-01-07T02:10:03","modified_gmt":"2025-01-07T02:10:03","slug":"desmantela-fge-operaciones-de-la-delincuencia-organizada-deshabilitando-camaras-de-video-vigilancia","status":"publish","type":"post","link":"https:\/\/icoinformativo.mx\/home\/?p=29649","title":{"rendered":"Desmantela FGE operaciones de la delincuencia organizada deshabilitando c\u00e1maras de video vigilancia"},"content":{"rendered":"<p>&nbsp;<\/p>\n<p>\u2022 Deshabilitan 30 c\u00e1maras de video vigilancia en Frontera Hidalgo y Suchiate<\/p>\n<p>&nbsp;<\/p>\n<p>La Fiscal\u00eda General del Estado de Chiapas, en coordinaci\u00f3n con la Secretar\u00eda de Seguridad del Pueblo, Instituto Nacional de Migraci\u00f3n, Guardia Nacional y Fuerza de Reacci\u00f3n Inmediata Pakal, realizaron el desmantelamiento de un centro de operaciones de la delincuencia organizada, deshabilitando 30 c\u00e1maras de video vigilancia que se encontraban instaladas en diversos puntos estrat\u00e9gicos de los municipios de Frontera Hidalgo y Suchiate.<\/p>\n<p>&nbsp;<\/p>\n<p>El despliegue operativo se deriv\u00f3 de una denuncia, en la que se inform\u00f3 sobre una c\u00e9lula de la delincuencia organizada que con ayuda de c\u00e1maras de video vigilancia instaladas en la v\u00eda p\u00fablica secuestraban y extorsionaban a personas migrantes en los municipios de Frontera Hidalgo, Metapa de Dom\u00ednguez y Suchiate.<\/p>\n<p>&nbsp;<\/p>\n<p>Por lo anterior, el grupo interinstitucional realiz\u00f3 el desmantelamiento de 27 c\u00e1maras instaladas en postes parecidos a los que ocupa el Escudo Urbano C5, ubicadas en diversas zonas de la cabecera municipal de Frontera Hidalgo, as\u00ed como el desmantelamiento de dos c\u00e1maras en la entrada y salida de la cabecera municipal de Ciudad Hidalgo, y una c\u00e1mara en el poblado de Zaragoza, municipio de Suchiate.<\/p>\n<p>&nbsp;<\/p>\n<p>Se continuar\u00e1 con las investigaciones de campo y gabinete para esclarecer los hechos y fincar responsabilidades.<\/p>\n<p>&nbsp;<\/p>\n<p>Con estas acciones, la Fiscal\u00eda General del Estado refrenda su compromiso de aplicar el estado de derecho y garantiza Cero Impunidad hacia los grupos generadores de violencia en Chiapas.<\/p>\n","protected":false},"excerpt":{"rendered":"<p>&nbsp; \u2022 Deshabilitan 30 c\u00e1maras de video vigilancia en Frontera Hidalgo y Suchiate &nbsp; La&#8230;<\/p>\n","protected":false},"author":2,"featured_media":29650,"comment_status":"closed","ping_status":"closed","sticky":false,"template":"","format":"standard","meta":{"_joinchat":[],"footnotes":""},"categories":[18,1,2,3],"tags":[],"class_list":["post-29649","post","type-post","status-publish","format-standard","has-post-thumbnail","hentry","category-almomento","category-boletin","category-estado","category-health"],"_links":{"self":[{"href":"https:\/\/icoinformativo.mx\/home\/index.php?rest_route=\/wp\/v2\/posts\/29649","targetHints":{"allow":["GET"]}}],"collection":[{"href":"https:\/\/icoinformativo.mx\/home\/index.php?rest_route=\/wp\/v2\/posts"}],"about":[{"href":"https:\/\/icoinformativo.mx\/home\/index.php?rest_route=\/wp\/v2\/types\/post"}],"author":[{"embeddable":true,"href":"https:\/\/icoinformativo.mx\/home\/index.php?rest_route=\/wp\/v2\/users\/2"}],"replies":[{"embeddable":true,"href":"https:\/\/icoinformativo.mx\/home\/index.php?rest_route=%2Fwp%2Fv2%2Fcomments&post=29649"}],"version-history":[{"count":1,"href":"https:\/\/icoinformativo.mx\/home\/index.php?rest_route=\/wp\/v2\/posts\/29649\/revisions"}],"predecessor-version":[{"id":29651,"href":"https:\/\/icoinformativo.mx\/home\/index.php?rest_route=\/wp\/v2\/posts\/29649\/revisions\/29651"}],"wp:featuredmedia":[{"embeddable":true,"href":"https:\/\/icoinformativo.mx\/home\/index.php?rest_route=\/wp\/v2\/media\/29650"}],"wp:attachment":[{"href":"https:\/\/icoinformativo.mx\/home\/index.php?rest_route=%2Fwp%2Fv2%2Fmedia&parent=29649"}],"wp:term":[{"taxonomy":"category","embeddable":true,"href":"https:\/\/icoinformativo.mx\/home\/index.php?rest_route=%2Fwp%2Fv2%2Fcategories&post=29649"},{"taxonomy":"post_tag","embeddable":true,"href":"https:\/\/icoinformativo.mx\/home\/index.php?rest_route=%2Fwp%2Fv2%2Ftags&post=29649"}],"curies":[{"name":"wp","href":"https:\/\/api.w.org\/{rel}","templated":true}]}}