{"id":29646,"date":"2025-01-07T02:07:52","date_gmt":"2025-01-07T02:07:52","guid":{"rendered":"https:\/\/icoinformativo.mx\/home\/?p=29646"},"modified":"2025-01-07T02:07:52","modified_gmt":"2025-01-07T02:07:52","slug":"ayuntamiento-de-reforma-invita-a-participar-en-liga-de-futbol-juvenil","status":"publish","type":"post","link":"https:\/\/icoinformativo.mx\/home\/?p=29646","title":{"rendered":"Ayuntamiento de Reforma invita a participar en liga de f\u00fatbol juvenil"},"content":{"rendered":"<p>El gobierno municipal de Reforma, que dirige Pedro Ram\u00edrez, est\u00e1 organizando la 4.\u00aa edici\u00f3n de la Liga Municipal de F\u00fatbol Juvenil, dirigida a j\u00f3venes de 15 a 21 a\u00f1os en diversas categor\u00edas.<\/p>\n<p>Esta es una excelente oportunidad para que los j\u00f3venes de Reforma puedan demostrar su talento y pasi\u00f3n por el f\u00fatbol.<\/p>\n<p>&nbsp;<\/p>\n<p>La liga es una plataforma para que los j\u00f3venes puedan desarrollar sus habilidades, trabajar en equipo y aprender valores importantes como la disciplina, la perseverancia y el respeto.<\/p>\n<p>&nbsp;<\/p>\n<p>Adem\u00e1s, es una forma de fomentar la actividad f\u00edsica y promover un estilo de vida saludable.<\/p>\n<p>&nbsp;<\/p>\n<p>Si est\u00e1s interesado en participar, \u00a1no te pierdas la oportunidad de formar parte de esta gran fiesta deportiva! Inscr\u00edbete y s\u00e9 parte de la Liga Municipal de F\u00fatbol Juvenil. \u00a1El deporte es el camino hacia un mejor futuro!<\/p>\n","protected":false},"excerpt":{"rendered":"<p>El gobierno municipal de Reforma, que dirige Pedro Ram\u00edrez, est\u00e1 organizando la 4.\u00aa edici\u00f3n de&#8230;<\/p>\n","protected":false},"author":2,"featured_media":29647,"comment_status":"closed","ping_status":"closed","sticky":false,"template":"","format":"standard","meta":{"_joinchat":[],"footnotes":""},"categories":[18,1,2,3],"tags":[],"class_list":["post-29646","post","type-post","status-publish","format-standard","has-post-thumbnail","hentry","category-almomento","category-boletin","category-estado","category-health"],"_links":{"self":[{"href":"https:\/\/icoinformativo.mx\/home\/index.php?rest_route=\/wp\/v2\/posts\/29646","targetHints":{"allow":["GET"]}}],"collection":[{"href":"https:\/\/icoinformativo.mx\/home\/index.php?rest_route=\/wp\/v2\/posts"}],"about":[{"href":"https:\/\/icoinformativo.mx\/home\/index.php?rest_route=\/wp\/v2\/types\/post"}],"author":[{"embeddable":true,"href":"https:\/\/icoinformativo.mx\/home\/index.php?rest_route=\/wp\/v2\/users\/2"}],"replies":[{"embeddable":true,"href":"https:\/\/icoinformativo.mx\/home\/index.php?rest_route=%2Fwp%2Fv2%2Fcomments&post=29646"}],"version-history":[{"count":1,"href":"https:\/\/icoinformativo.mx\/home\/index.php?rest_route=\/wp\/v2\/posts\/29646\/revisions"}],"predecessor-version":[{"id":29648,"href":"https:\/\/icoinformativo.mx\/home\/index.php?rest_route=\/wp\/v2\/posts\/29646\/revisions\/29648"}],"wp:featuredmedia":[{"embeddable":true,"href":"https:\/\/icoinformativo.mx\/home\/index.php?rest_route=\/wp\/v2\/media\/29647"}],"wp:attachment":[{"href":"https:\/\/icoinformativo.mx\/home\/index.php?rest_route=%2Fwp%2Fv2%2Fmedia&parent=29646"}],"wp:term":[{"taxonomy":"category","embeddable":true,"href":"https:\/\/icoinformativo.mx\/home\/index.php?rest_route=%2Fwp%2Fv2%2Fcategories&post=29646"},{"taxonomy":"post_tag","embeddable":true,"href":"https:\/\/icoinformativo.mx\/home\/index.php?rest_route=%2Fwp%2Fv2%2Ftags&post=29646"}],"curies":[{"name":"wp","href":"https:\/\/api.w.org\/{rel}","templated":true}]}}