{"id":29643,"date":"2025-01-07T01:27:50","date_gmt":"2025-01-07T01:27:50","guid":{"rendered":"https:\/\/icoinformativo.mx\/home\/?p=29643"},"modified":"2025-01-07T01:32:15","modified_gmt":"2025-01-07T01:32:15","slug":"atestigua-secretario-de-educacion-convenio-de-colaboracion-entre-icheja-y-canaco-para-impulsar-el-programa-de-alfabetizacion-chiapas-puede","status":"publish","type":"post","link":"https:\/\/icoinformativo.mx\/home\/?p=29643","title":{"rendered":"Atestigua secretario de Educaci\u00f3n convenio de colaboraci\u00f3n entre Icheja y Canaco para impulsar el Programa de Alfabetizaci\u00f3n \u00abChiapas Puede\u00bb"},"content":{"rendered":"<p>&nbsp;<\/p>\n<p>Roger Mandujano invit\u00f3 a todas las empresas afiliadas a la Canaco a practicar el esquema de alfabetizaci\u00f3n<\/p>\n<p>Miguel \u00c1ngel Blas Guti\u00e9rrez, destac\u00f3 que este convenio representar\u00e1 uno de los mayores ejemplos de colaboraci\u00f3n entre las instituciones y la sociedad<\/p>\n<p>&nbsp;<\/p>\n<p>Tuxtla Guti\u00e9rrez.- El secretario de Educaci\u00f3n, Roger Mandujano Ayala, atestigu\u00f3 la firma del convenio de colaboraci\u00f3n para impulsar el Programa de Alfabetizaci\u00f3n \u00abChiapas Puede\u00bb, signado entre el Instituto Chiapaneco de Educaci\u00f3n para J\u00f3venes y Adultos (Icheja) y la C\u00e1mara Nacional de Comercio, Servicios y Turismo de Tuxtla Guti\u00e9rrez (Canaco Servytur), representadas por Sergio David Molina G\u00f3mez y Miguel \u00c1ngel Blas Guti\u00e9rrez, respectivamente.<\/p>\n<p>&nbsp;<\/p>\n<p>En ese marco destac\u00f3 que \u00abChiapas Puede\u201d no s\u00f3lo se trata de un Programa de Alfabetizaci\u00f3n, sino de dignificar y reivindicar la dignidad de las y los chiapanecos, es decir, de concientizar a todos. \u00abPara transformar hay que transformarnos, y nosotros somos la punta de lanza de esa sociedad transformadora; ese es el humanismo que viene predicando el gobernador Eduardo Ram\u00edrez\u00bb, indic\u00f3.<\/p>\n<p>&nbsp;<\/p>\n<p>En ese tenor, invit\u00f3 a todas las empresas afiliadas a la Canaco a practicar el esquema de alfabetizaci\u00f3n con su personal que as\u00ed lo requiera o que desee participar en la capacitaci\u00f3n, recalcando que el beneficio es para todos.<\/p>\n<p>&nbsp;<\/p>\n<p>\u00abAl final, la alfabetizaci\u00f3n nos habr\u00e1 dado la f\u00f3rmula para salir adelante de todos los problemas, y esa f\u00f3rmula es la solidaridad, la del pueblo salvando al pueblo\u00bb, concluy\u00f3.<\/p>\n<p>&nbsp;<\/p>\n<p>Por su parte, Miguel \u00c1ngel Blas Guti\u00e9rrez, presidente de la Canaco, reconoci\u00f3 que el Programa de Alfabetizaci\u00f3n \u00abChiapas Puede\u00bb, junto a la seguridad, son de los temas m\u00e1s importantes que se encuentra impulsando actualmente el Gobierno del Estado.<\/p>\n<p>&nbsp;<\/p>\n<p>Se\u00f1al\u00f3 que el llamado que recibieron por parte del secretario de Educaci\u00f3n y del director del Icheja a fin de colaborar en este programa, cal\u00f3 profundamente en el sector empresarial que representa y que, por eso, hoy est\u00e1n dando el primer paso desde su trinchera en esta cruzada que es crucial para lograr el desarrollo que Chiapas merece.<\/p>\n<p>&nbsp;<\/p>\n<p>\u00abNos comprometemos a trav\u00e9s de nuestras empresas afiliadas, a colaborar con espacios o a identificar personas que necesitan ser alfabetizadas, o bien, que quieran colaborar en este programa que, sin duda, se convertir\u00e1 en una carrera que ganaremos todos\u00bb, mencion\u00f3.<\/p>\n<p>&nbsp;<\/p>\n<p>Este convenio, recalc\u00f3 Blas Guti\u00e9rrez, es una muestra de que el empresariado chiapaneco est\u00e1 presto a sumarse a los proyectos y estrategias que permitan construir el desarrollo que hist\u00f3ricamente han buscado; \u00abes el parteaguas de lo que, estamos seguros representar\u00e1 uno de los mayores ejemplos de colaboraci\u00f3n entre las instituciones y la sociedad\u00bb, concluy\u00f3.<\/p>\n","protected":false},"excerpt":{"rendered":"<p>&nbsp; Roger Mandujano invit\u00f3 a todas las empresas afiliadas a la Canaco a practicar el&#8230;<\/p>\n","protected":false},"author":2,"featured_media":29644,"comment_status":"closed","ping_status":"closed","sticky":false,"template":"","format":"standard","meta":{"_joinchat":[],"footnotes":""},"categories":[18,1,2,3],"tags":[],"class_list":["post-29643","post","type-post","status-publish","format-standard","has-post-thumbnail","hentry","category-almomento","category-boletin","category-estado","category-health"],"_links":{"self":[{"href":"https:\/\/icoinformativo.mx\/home\/index.php?rest_route=\/wp\/v2\/posts\/29643","targetHints":{"allow":["GET"]}}],"collection":[{"href":"https:\/\/icoinformativo.mx\/home\/index.php?rest_route=\/wp\/v2\/posts"}],"about":[{"href":"https:\/\/icoinformativo.mx\/home\/index.php?rest_route=\/wp\/v2\/types\/post"}],"author":[{"embeddable":true,"href":"https:\/\/icoinformativo.mx\/home\/index.php?rest_route=\/wp\/v2\/users\/2"}],"replies":[{"embeddable":true,"href":"https:\/\/icoinformativo.mx\/home\/index.php?rest_route=%2Fwp%2Fv2%2Fcomments&post=29643"}],"version-history":[{"count":1,"href":"https:\/\/icoinformativo.mx\/home\/index.php?rest_route=\/wp\/v2\/posts\/29643\/revisions"}],"predecessor-version":[{"id":29645,"href":"https:\/\/icoinformativo.mx\/home\/index.php?rest_route=\/wp\/v2\/posts\/29643\/revisions\/29645"}],"wp:featuredmedia":[{"embeddable":true,"href":"https:\/\/icoinformativo.mx\/home\/index.php?rest_route=\/wp\/v2\/media\/29644"}],"wp:attachment":[{"href":"https:\/\/icoinformativo.mx\/home\/index.php?rest_route=%2Fwp%2Fv2%2Fmedia&parent=29643"}],"wp:term":[{"taxonomy":"category","embeddable":true,"href":"https:\/\/icoinformativo.mx\/home\/index.php?rest_route=%2Fwp%2Fv2%2Fcategories&post=29643"},{"taxonomy":"post_tag","embeddable":true,"href":"https:\/\/icoinformativo.mx\/home\/index.php?rest_route=%2Fwp%2Fv2%2Ftags&post=29643"}],"curies":[{"name":"wp","href":"https:\/\/api.w.org\/{rel}","templated":true}]}}