{"id":29637,"date":"2025-01-06T03:14:51","date_gmt":"2025-01-06T03:14:51","guid":{"rendered":"https:\/\/icoinformativo.mx\/home\/?p=29637"},"modified":"2025-01-06T03:14:51","modified_gmt":"2025-01-06T03:14:51","slug":"icheja-y-secretaria-de-educacion-avanzan-en-la-capacitacion-de-los-subsistemas-educativos-para-el-programa-chiapas-puede","status":"publish","type":"post","link":"https:\/\/icoinformativo.mx\/home\/?p=29637","title":{"rendered":"Icheja y secretar\u00eda de Educaci\u00f3n avanzan en la capacitaci\u00f3n de los subsistemas educativos para el programa \u201cChiapas Puede\u201d"},"content":{"rendered":"<p>&nbsp;<\/p>\n<p>\u00b7 Los titulares de ambas dependencias educativas confiaron en el apoyo de las instituciones sumadas al proyecto para erradicar el analfabetismo en la entidad chiapaneca<\/p>\n<p>&nbsp;<\/p>\n<p>Tuxtla Guti\u00e9rrez, Chiapas.- Este fin de semana, el director del Instituto Chiapaneco de Educaci\u00f3n para J\u00f3venes y Adultos (Icheja), Sergio David Molina G\u00f3mez y el secretario de Educaci\u00f3n, Roger Mandujano Ayala, sostuvieron una importante reuni\u00f3n de trabajo, con el objetivo de continuar trazando y revisando los avances en las estrategias que permitir\u00e1n no s\u00f3lo disminuir las cifras de analfabetismo en Chiapas, sino de erradicarlo en esta Nueva ERA.<\/p>\n<p>&nbsp;<\/p>\n<p>El principal objetivo de esta reuni\u00f3n fue proporcionar una capacitaci\u00f3n especializada al personal de los diversos subsistemas educativos de la entidad, para el registro de la informaci\u00f3n de las personas interesadas en los programas de alfabetizaci\u00f3n, a trav\u00e9s del Sistema Automatizado de Seguimiento y Acreditaci\u00f3n (Sasa).<\/p>\n<p>&nbsp;<\/p>\n<p>Al hacer uso de la palabra, el titular del Icheja, Sergio David Molina G\u00f3mez, se\u00f1al\u00f3 la importancia de la uni\u00f3n del pueblo y del apoyo de todas las instituciones involucradas para sacar adelante el programa \u201cChiapas Puede\u201d, proyectado por el gobernador del estado, Eduardo Ram\u00edrez Aguilar, quien ha instruido trabajar arduamente para que en la entidad chiapaneca se acabe con el analfabetismo.<\/p>\n<p>&nbsp;<\/p>\n<p>En este mismo sentido, el secretario de Educaci\u00f3n, Roger Adri\u00e1n Mandujano Ayala, coincidi\u00f3 con la idea de trabajar en unidad para ir por el cien por ciento de las y los alfabetizadores, quienes ser\u00e1n las piezas claves y los protagonistas de este gran y ambicioso proyecto, que traer\u00e1 grandes beneficios para el pueblo de Chiapas.<\/p>\n<p>&nbsp;<\/p>\n<p>Durante la jornada se abordaron adem\u00e1s temas clave sobre el funcionamiento del Sasa, incluyendo los procedimientos para el ingreso de datos, los plazos establecidos, as\u00ed como las normativas relacionadas con la acreditaci\u00f3n y el seguimiento acad\u00e9mico de las y los educandos. Los participantes tuvieron la oportunidad de resolver dudas y recibir instrucciones detalladas, para garantizar una implementaci\u00f3n exitosa del sistema en cada una de las instituciones participantes.<\/p>\n<p>&nbsp;<\/p>\n<p>La capacitaci\u00f3n tambi\u00e9n incluy\u00f3 sesiones pr\u00e1cticas y el intercambio de experiencias entre las distintas instituciones participantes como el Conalep, DGTI, Universidad Tecnol\u00f3gica de la Selva, Cebetis, Icatech, Cecytech, Secretar\u00eda de Educaci\u00f3n Federalizada, Fortalecimiento Educativo, Unicach, SEP, Universidad Polit\u00e9cnica de Chiapas, Unich y Unach, lo que permiti\u00f3 un aprendizaje colaborativo y la identificaci\u00f3n de buenas pr\u00e1cticas que beneficiar\u00e1n a todas las partes involucradas.<\/p>\n","protected":false},"excerpt":{"rendered":"<p>&nbsp; \u00b7 Los titulares de ambas dependencias educativas confiaron en el apoyo de las instituciones&#8230;<\/p>\n","protected":false},"author":2,"featured_media":29638,"comment_status":"closed","ping_status":"closed","sticky":false,"template":"","format":"standard","meta":{"_joinchat":[],"footnotes":""},"categories":[18,1,2,3],"tags":[],"class_list":["post-29637","post","type-post","status-publish","format-standard","has-post-thumbnail","hentry","category-almomento","category-boletin","category-estado","category-health"],"_links":{"self":[{"href":"https:\/\/icoinformativo.mx\/home\/index.php?rest_route=\/wp\/v2\/posts\/29637","targetHints":{"allow":["GET"]}}],"collection":[{"href":"https:\/\/icoinformativo.mx\/home\/index.php?rest_route=\/wp\/v2\/posts"}],"about":[{"href":"https:\/\/icoinformativo.mx\/home\/index.php?rest_route=\/wp\/v2\/types\/post"}],"author":[{"embeddable":true,"href":"https:\/\/icoinformativo.mx\/home\/index.php?rest_route=\/wp\/v2\/users\/2"}],"replies":[{"embeddable":true,"href":"https:\/\/icoinformativo.mx\/home\/index.php?rest_route=%2Fwp%2Fv2%2Fcomments&post=29637"}],"version-history":[{"count":1,"href":"https:\/\/icoinformativo.mx\/home\/index.php?rest_route=\/wp\/v2\/posts\/29637\/revisions"}],"predecessor-version":[{"id":29639,"href":"https:\/\/icoinformativo.mx\/home\/index.php?rest_route=\/wp\/v2\/posts\/29637\/revisions\/29639"}],"wp:featuredmedia":[{"embeddable":true,"href":"https:\/\/icoinformativo.mx\/home\/index.php?rest_route=\/wp\/v2\/media\/29638"}],"wp:attachment":[{"href":"https:\/\/icoinformativo.mx\/home\/index.php?rest_route=%2Fwp%2Fv2%2Fmedia&parent=29637"}],"wp:term":[{"taxonomy":"category","embeddable":true,"href":"https:\/\/icoinformativo.mx\/home\/index.php?rest_route=%2Fwp%2Fv2%2Fcategories&post=29637"},{"taxonomy":"post_tag","embeddable":true,"href":"https:\/\/icoinformativo.mx\/home\/index.php?rest_route=%2Fwp%2Fv2%2Ftags&post=29637"}],"curies":[{"name":"wp","href":"https:\/\/api.w.org\/{rel}","templated":true}]}}