{"id":29622,"date":"2025-01-06T02:47:37","date_gmt":"2025-01-06T02:47:37","guid":{"rendered":"https:\/\/icoinformativo.mx\/home\/?p=29622"},"modified":"2025-01-06T02:47:37","modified_gmt":"2025-01-06T02:47:37","slug":"en-operativo-interinstitucional-fge-y-ssp-detienen-a-jose-antonio-n-alcalde-de-comalapa","status":"publish","type":"post","link":"https:\/\/icoinformativo.mx\/home\/?p=29622","title":{"rendered":"En operativo interinstitucional FGE y SSP detienen a Jos\u00e9 Antonio \u201cN\u201d, alcalde de Comalapa"},"content":{"rendered":"<p>&nbsp;<\/p>\n<p>\u2022 Es presuntamente responsable del delito de corrupci\u00f3n; adem\u00e1s se encuentran abiertas carpetas de investigaci\u00f3n en su contra por los delitos de desaparici\u00f3n forzada de personas, extorsi\u00f3n agravada y homicidio; indagatorias que se llevan contra el ya citado, por sus v\u00ednculos con la delincuencia que opera en la zona.<\/p>\n<p>&nbsp;<\/p>\n<p>La Fiscal\u00eda General del Estado (FGE) y la Polic\u00eda de Investigaci\u00f3n (PDI), la Secretar\u00eda de Seguridad del Pueblo, a trav\u00e9s de la Fuerza de Reacci\u00f3n Inmediata Pakal (FRIP), la Polic\u00eda Estatal Preventiva (PEP) lograron la detenci\u00f3n de Jose Antonio \u201cN\u201d quien hasta hoy fung\u00eda como presidente municipal de Frontera Comalapa, que derivado de las carpetas de investigaci\u00f3n y operativos que se realizan en la zona de la Sierra, particularmente en el municipio de Frontera Comalapa, este domingo se ejecut\u00f3 una orden de aprehensi\u00f3n por el delito de corrupci\u00f3n en su contra.<\/p>\n<p>&nbsp;<\/p>\n<p>As\u00ed tambi\u00e9n se logr\u00f3 la detenci\u00f3n de Jorge \u201cN\u201d y Juan Manuel \u201cN\u201d a quienes se les asegur\u00f3 un veh\u00edculo Volkswagen Amarok 4&#215;4 y dos fusiles, uno calibre .223 y otro calibre 7.62, ambos con cargadores abastecidos.<\/p>\n<p>&nbsp;<\/p>\n<p>En estos momentos, el presunto responsable est\u00e1 siendo trasladado al reclusorio para hacer puesto a disposici\u00f3n del \u00f3rgano jurisdiccional.<\/p>\n<p>&nbsp;<\/p>\n<p>En trabajo coordinado la Fiscal\u00eda General del Estado y la Secretar\u00eda de Seguridad del Pueblo continuar\u00e1n con operativos en este municipio, para garantizar la tranquilidad de la ciudadan\u00eda, reiterando el compromiso de Cero Impunidad y Cero Corrupci\u00f3n ante la comisi\u00f3n de delitos.<\/p>\n<p>&nbsp;<\/p>\n<p>Fiscal\u00eda General del Estado de Chiapas<\/p>\n","protected":false},"excerpt":{"rendered":"<p>&nbsp; \u2022 Es presuntamente responsable del delito de corrupci\u00f3n; adem\u00e1s se encuentran abiertas carpetas de&#8230;<\/p>\n","protected":false},"author":2,"featured_media":29623,"comment_status":"closed","ping_status":"closed","sticky":false,"template":"","format":"standard","meta":{"_joinchat":[],"footnotes":""},"categories":[1,2,3],"tags":[],"class_list":["post-29622","post","type-post","status-publish","format-standard","has-post-thumbnail","hentry","category-boletin","category-estado","category-health"],"_links":{"self":[{"href":"https:\/\/icoinformativo.mx\/home\/index.php?rest_route=\/wp\/v2\/posts\/29622","targetHints":{"allow":["GET"]}}],"collection":[{"href":"https:\/\/icoinformativo.mx\/home\/index.php?rest_route=\/wp\/v2\/posts"}],"about":[{"href":"https:\/\/icoinformativo.mx\/home\/index.php?rest_route=\/wp\/v2\/types\/post"}],"author":[{"embeddable":true,"href":"https:\/\/icoinformativo.mx\/home\/index.php?rest_route=\/wp\/v2\/users\/2"}],"replies":[{"embeddable":true,"href":"https:\/\/icoinformativo.mx\/home\/index.php?rest_route=%2Fwp%2Fv2%2Fcomments&post=29622"}],"version-history":[{"count":1,"href":"https:\/\/icoinformativo.mx\/home\/index.php?rest_route=\/wp\/v2\/posts\/29622\/revisions"}],"predecessor-version":[{"id":29624,"href":"https:\/\/icoinformativo.mx\/home\/index.php?rest_route=\/wp\/v2\/posts\/29622\/revisions\/29624"}],"wp:featuredmedia":[{"embeddable":true,"href":"https:\/\/icoinformativo.mx\/home\/index.php?rest_route=\/wp\/v2\/media\/29623"}],"wp:attachment":[{"href":"https:\/\/icoinformativo.mx\/home\/index.php?rest_route=%2Fwp%2Fv2%2Fmedia&parent=29622"}],"wp:term":[{"taxonomy":"category","embeddable":true,"href":"https:\/\/icoinformativo.mx\/home\/index.php?rest_route=%2Fwp%2Fv2%2Fcategories&post=29622"},{"taxonomy":"post_tag","embeddable":true,"href":"https:\/\/icoinformativo.mx\/home\/index.php?rest_route=%2Fwp%2Fv2%2Ftags&post=29622"}],"curies":[{"name":"wp","href":"https:\/\/api.w.org\/{rel}","templated":true}]}}