{"id":29609,"date":"2025-01-05T04:36:33","date_gmt":"2025-01-05T04:36:33","guid":{"rendered":"https:\/\/icoinformativo.mx\/home\/?p=29609"},"modified":"2025-01-05T04:36:33","modified_gmt":"2025-01-05T04:36:33","slug":"ayuntamiento-de-solosuchiapa-invita-a-celebrar-el-dia-de-reyes","status":"publish","type":"post","link":"https:\/\/icoinformativo.mx\/home\/?p=29609","title":{"rendered":"Ayuntamiento de Solosuchiapa invita a celebrar el D\u00eda de Reyes"},"content":{"rendered":"<p>El H. Ayuntamiento Solosuchiapa y el DIF Municipal te invitan a celebrar el D\u00eda de Reyes el 7 de enero de 2025 en el Domo del parque central a las 5:00 pm. Disfrutar\u00e1s de una tarde llena de alegr\u00eda con actividades para toda la familia, regalos para los m\u00e1s peque\u00f1os, rosca de reyes y muchas sorpresas m\u00e1s.<\/p>\n<p>&nbsp;<\/p>\n<p>La celebraci\u00f3n del D\u00eda de Reyes es una tradici\u00f3n que se remonta a la \u00e9poca de la colonia en M\u00e9xico. Se celebra cada 6 de enero, aunque en este caso, la celebraci\u00f3n en Solosuchiapa se realizar\u00e1 el 7 de enero. La tradici\u00f3n incluye la partida de la rosca de reyes, que simboliza la corona de los Reyes Magos, y la b\u00fasqueda de regalos que dejan los Reyes Magos para los ni\u00f1os.<\/p>\n<p>&nbsp;<\/p>\n<p>No te pierdas esta oportunidad de celebrar con tu familia y amigos esta hermosa tradici\u00f3n que llena de magia y felicidad nuestros corazones. \u00a1Te esperamos!<\/p>\n","protected":false},"excerpt":{"rendered":"<p>El H. Ayuntamiento Solosuchiapa y el DIF Municipal te invitan a celebrar el D\u00eda de&#8230;<\/p>\n","protected":false},"author":2,"featured_media":29610,"comment_status":"closed","ping_status":"closed","sticky":false,"template":"","format":"standard","meta":{"_joinchat":[],"footnotes":""},"categories":[18,1,2,3],"tags":[],"class_list":["post-29609","post","type-post","status-publish","format-standard","has-post-thumbnail","hentry","category-almomento","category-boletin","category-estado","category-health"],"_links":{"self":[{"href":"https:\/\/icoinformativo.mx\/home\/index.php?rest_route=\/wp\/v2\/posts\/29609","targetHints":{"allow":["GET"]}}],"collection":[{"href":"https:\/\/icoinformativo.mx\/home\/index.php?rest_route=\/wp\/v2\/posts"}],"about":[{"href":"https:\/\/icoinformativo.mx\/home\/index.php?rest_route=\/wp\/v2\/types\/post"}],"author":[{"embeddable":true,"href":"https:\/\/icoinformativo.mx\/home\/index.php?rest_route=\/wp\/v2\/users\/2"}],"replies":[{"embeddable":true,"href":"https:\/\/icoinformativo.mx\/home\/index.php?rest_route=%2Fwp%2Fv2%2Fcomments&post=29609"}],"version-history":[{"count":1,"href":"https:\/\/icoinformativo.mx\/home\/index.php?rest_route=\/wp\/v2\/posts\/29609\/revisions"}],"predecessor-version":[{"id":29611,"href":"https:\/\/icoinformativo.mx\/home\/index.php?rest_route=\/wp\/v2\/posts\/29609\/revisions\/29611"}],"wp:featuredmedia":[{"embeddable":true,"href":"https:\/\/icoinformativo.mx\/home\/index.php?rest_route=\/wp\/v2\/media\/29610"}],"wp:attachment":[{"href":"https:\/\/icoinformativo.mx\/home\/index.php?rest_route=%2Fwp%2Fv2%2Fmedia&parent=29609"}],"wp:term":[{"taxonomy":"category","embeddable":true,"href":"https:\/\/icoinformativo.mx\/home\/index.php?rest_route=%2Fwp%2Fv2%2Fcategories&post=29609"},{"taxonomy":"post_tag","embeddable":true,"href":"https:\/\/icoinformativo.mx\/home\/index.php?rest_route=%2Fwp%2Fv2%2Ftags&post=29609"}],"curies":[{"name":"wp","href":"https:\/\/api.w.org\/{rel}","templated":true}]}}