{"id":29603,"date":"2025-01-05T04:30:26","date_gmt":"2025-01-05T04:30:26","guid":{"rendered":"https:\/\/icoinformativo.mx\/home\/?p=29603"},"modified":"2025-01-05T04:30:26","modified_gmt":"2025-01-05T04:30:26","slug":"inaugura-eduardo-ramirez-el-centro-turistico-de-naturaleza-sima-del-cielo-en-san-fernando","status":"publish","type":"post","link":"https:\/\/icoinformativo.mx\/home\/?p=29603","title":{"rendered":"Inaugura Eduardo Ram\u00edrez el Centro Tur\u00edstico de Naturaleza \u201cSima del Cielo\u201d, en San Fernando"},"content":{"rendered":"<p>&nbsp;<\/p>\n<p>\u2022 El gobernador invit\u00f3 a las familias chiapanecas a conocer y disfrutar de este espacio<\/p>\n<p>&nbsp;<\/p>\n<p>Durante la inauguraci\u00f3n del Centro Tur\u00edstico de Naturaleza \u201cSima del Cielo\u201d, en el municipio de San Fernando, el gobernador Eduardo Ram\u00edrez Aguilar resalt\u00f3 la importancia del turismo en la agenda de su administraci\u00f3n y asegur\u00f3 que este sector ser\u00e1 impulsado significativamente una vez que se logre la pacificaci\u00f3n de Chiapas.<\/p>\n<p>&nbsp;<\/p>\n<p>Ram\u00edrez Aguilar destac\u00f3 los resultados positivos de la estrategia de seguridad implementada, los cuales, asegur\u00f3, se reflejan en mayor tranquilidad al transitar por las carreteras. Adem\u00e1s, afirm\u00f3 que al cumplirse los primeros 100 d\u00edas de su gobierno, Chiapas tendr\u00e1 un rostro renovado.<\/p>\n<p>&nbsp;<\/p>\n<p>Luego de recorrer las \u00e1reas naturales, senderos, caba\u00f1as, viveros y espacios de atenci\u00f3n a visitantes, el mandatario invit\u00f3 a las familias chiapanecas a conocer y disfrutar de este espacio, al tiempo de anunciar el pr\u00f3ximo lanzamiento de la campa\u00f1a tur\u00edstica \u201cChiapas, extraordinario por naturaleza\u201d, con la que se busca posicionar a la entidad como un destino tur\u00edstico a nivel nacional e internacional.<\/p>\n<p>&nbsp;<\/p>\n<p>\u00abChiapas tiene mucho que ofrecer, afortunadamente las carreteras se est\u00e1n pacificando y hemos avanzado con pasos agigantados. Vamos a potencializar a Chiapas, que se conozca ante el mundo entero\u201d, apunt\u00f3 al convocar a la iniciativa privada, as\u00ed como a las y los servidores del pueblo, presidentes municipales y legisladores a trabajar juntos para mejorar la calidad de los servicios que se ofrecen a las y los visitantes.<\/p>\n<p>&nbsp;<\/p>\n<p>A su vez, la diputada presidenta de la Comisi\u00f3n de Turismo del Congreso del Estado, \u00c9rika Paola Mendoza Salda\u00f1a, celebr\u00f3 que el impulso al turismo sea una de las prioridades de este gobierno. Destac\u00f3 que Chiapas cuenta con una gran riqueza natural que debe ser protegida, ya que representa un gran atractivo para visitantes.<\/p>\n<p>&nbsp;<\/p>\n<p>Estuvieron presentes: el empresario y due\u00f1o del Centro Tur\u00edstico de Naturaleza \u201cSima del Cielo\u201d, Alfonso Mendoza M\u00e9ndez; la secretaria de Turismo, Mar\u00eda Eugenia Culebro P\u00e9rez; el coordinador general ejecutivo de la Secretar\u00eda de Turismo, Segundo Guill\u00e9n Gordillo; el secretario del Humanismo, Francisco Chac\u00f3n S\u00e1nchez; y la secretaria de Medio Ambiente e Historia Natural, Magdalena Torres Abarca.<\/p>\n<p>&nbsp;<\/p>\n<p>Asimismo, el subsecretario de Gobierno, Jorge Enrique Hern\u00e1ndez Bielma; los presidentes municipales de San Fernando, Ediberto Guti\u00e9rrez Aguilar y de Berrioz\u00e1bal, Jorge Acero G\u00f3mez; el diputado federal Joaqu\u00edn Zebad\u00faa Alva; el empresario chiapaneco Luis Tirado Le\u00f3n e integrantes de la familia Mendoza Salda\u00f1a.<\/p>\n","protected":false},"excerpt":{"rendered":"<p>&nbsp; \u2022 El gobernador invit\u00f3 a las familias chiapanecas a conocer y disfrutar de este&#8230;<\/p>\n","protected":false},"author":2,"featured_media":29604,"comment_status":"closed","ping_status":"closed","sticky":false,"template":"","format":"standard","meta":{"_joinchat":[],"footnotes":""},"categories":[1,2,3],"tags":[],"class_list":["post-29603","post","type-post","status-publish","format-standard","has-post-thumbnail","hentry","category-boletin","category-estado","category-health"],"_links":{"self":[{"href":"https:\/\/icoinformativo.mx\/home\/index.php?rest_route=\/wp\/v2\/posts\/29603","targetHints":{"allow":["GET"]}}],"collection":[{"href":"https:\/\/icoinformativo.mx\/home\/index.php?rest_route=\/wp\/v2\/posts"}],"about":[{"href":"https:\/\/icoinformativo.mx\/home\/index.php?rest_route=\/wp\/v2\/types\/post"}],"author":[{"embeddable":true,"href":"https:\/\/icoinformativo.mx\/home\/index.php?rest_route=\/wp\/v2\/users\/2"}],"replies":[{"embeddable":true,"href":"https:\/\/icoinformativo.mx\/home\/index.php?rest_route=%2Fwp%2Fv2%2Fcomments&post=29603"}],"version-history":[{"count":1,"href":"https:\/\/icoinformativo.mx\/home\/index.php?rest_route=\/wp\/v2\/posts\/29603\/revisions"}],"predecessor-version":[{"id":29605,"href":"https:\/\/icoinformativo.mx\/home\/index.php?rest_route=\/wp\/v2\/posts\/29603\/revisions\/29605"}],"wp:featuredmedia":[{"embeddable":true,"href":"https:\/\/icoinformativo.mx\/home\/index.php?rest_route=\/wp\/v2\/media\/29604"}],"wp:attachment":[{"href":"https:\/\/icoinformativo.mx\/home\/index.php?rest_route=%2Fwp%2Fv2%2Fmedia&parent=29603"}],"wp:term":[{"taxonomy":"category","embeddable":true,"href":"https:\/\/icoinformativo.mx\/home\/index.php?rest_route=%2Fwp%2Fv2%2Fcategories&post=29603"},{"taxonomy":"post_tag","embeddable":true,"href":"https:\/\/icoinformativo.mx\/home\/index.php?rest_route=%2Fwp%2Fv2%2Ftags&post=29603"}],"curies":[{"name":"wp","href":"https:\/\/api.w.org\/{rel}","templated":true}]}}