{"id":29594,"date":"2025-01-05T04:21:17","date_gmt":"2025-01-05T04:21:17","guid":{"rendered":"https:\/\/icoinformativo.mx\/home\/?p=29594"},"modified":"2025-01-05T04:21:17","modified_gmt":"2025-01-05T04:21:17","slug":"eduardo-ramirez-da-inicio-a-la-construccion-de-puente-peatonal-en-la-zona-hospitalaria-de-tuxtla-gutierrez","status":"publish","type":"post","link":"https:\/\/icoinformativo.mx\/home\/?p=29594","title":{"rendered":"Eduardo Ram\u00edrez da inicio a la construcci\u00f3n de puente peatonal en la zona hospitalaria de Tuxtla Guti\u00e9rrez"},"content":{"rendered":"<p>&nbsp;<\/p>\n<p>El gobernador Eduardo Ram\u00edrez Aguilar dio el banderazo de inicio a la construcci\u00f3n del puente peatonal en la zona hospitalaria del oriente de Tuxtla Guti\u00e9rrez, destacando que este proyecto innovador representa un compromiso de la Nueva ERA con la dignificaci\u00f3n y la seguridad de las y los peatones que a diario transitan por esta importante \u00e1rea.<\/p>\n<p>&nbsp;<\/p>\n<p>Durante el evento, Ram\u00edrez Aguilar subray\u00f3 que el desarrollo de la infraestructura en la capital es una de las prioridades de su gobierno. Asegur\u00f3 que esta obra, ubicada estrat\u00e9gicamente cerca de varios hospitales, ser\u00e1 la primera de su tipo en el estado, ya que contar\u00e1 con un sistema de elevadores y rampas para facilitar el acceso de personas con discapacidad, convirti\u00e9ndola en un espacio inclusivo y accesible para toda la poblaci\u00f3n.<\/p>\n<p>&nbsp;<\/p>\n<p>\u00abPara m\u00ed es muy importante el desarrollo de la infraestructura de Tuxtla Guti\u00e9rrez. Estamos iniciando hoy con este puente que va a dignificar la movilidad y la seguridad, tanto de las y los usuarios de los hospitales, como de la ciudadan\u00eda que diariamente transita por esta zona. Esto es progreso para la ciudad. Estoy empe\u00f1ado en hacer de Chiapas el lugar m\u00e1s seguro para vivir\u00bb, apunt\u00f3.<\/p>\n<p>&nbsp;<\/p>\n<p>Adem\u00e1s, el mandatario anunci\u00f3 que este a\u00f1o comenzar\u00e1 la construcci\u00f3n del Cableb\u00fas, un sistema de transporte innovador y ecol\u00f3gico que mejorar\u00e1 la conectividad en la capital, al mismo tiempo que apoyar\u00e1 la econom\u00eda familiar. Resalt\u00f3 que, junto con el Ayuntamiento, seguir\u00e1n trabajando sin descanso para garantizar que Tuxtla Guti\u00e9rrez contin\u00fae avanzando.<\/p>\n<p>&nbsp;<\/p>\n<p>En su intervenci\u00f3n, la secretaria de Infraestructura, Anakaren G\u00f3mez Zuart, inform\u00f3 que la construcci\u00f3n de este puente, que contar\u00e1 con luminarias y un sistema de elevadores tipo montacarga para facilitar el traslado de personas con discapacidad y personas adultas mayores, requerir\u00e1 una inversi\u00f3n aproximada de 15 millones de pesos. El puente estar\u00e1 ubicado entre los hospitales del Issste \u00abDr. Belisario Dom\u00ednguez\u00bb y \u00abDr. Jes\u00fas Gilberto G\u00f3mez Maza\u00bb, y beneficiar\u00e1 a alrededor de 4 mil personas que cruzan diariamente esta zona.<\/p>\n<p>&nbsp;<\/p>\n<p>Por su parte, el presidente municipal de Tuxtla Guti\u00e9rrez, Angel Torres Culebro, destac\u00f3 que este tipo de obras no solo embellecer\u00e1n y transformar\u00e1n la ciudad, sino que tambi\u00e9n crear\u00e1n un entorno m\u00e1s seguro en t\u00e9rminos de movilidad para la poblaci\u00f3n usuaria.<\/p>\n<p>&nbsp;<\/p>\n<p>Asistieron el secretario de Salud, Omar G\u00f3mez Cruz; las diputadas Mar\u00eda Mandiola Totoricaguena, Marcela Castillo Atristain y Getseman\u00ed Moreno Mart\u00ednez; as\u00ed como directivos y personal m\u00e9dico de los hospitales del Issste \u00abDr. Belisario Dom\u00ednguez\u00bb y \u00abDr. Jes\u00fas Gilberto G\u00f3mez Maza\u00bb.<\/p>\n","protected":false},"excerpt":{"rendered":"<p>&nbsp; El gobernador Eduardo Ram\u00edrez Aguilar dio el banderazo de inicio a la construcci\u00f3n del&#8230;<\/p>\n","protected":false},"author":2,"featured_media":29595,"comment_status":"closed","ping_status":"closed","sticky":false,"template":"","format":"standard","meta":{"_joinchat":[],"footnotes":""},"categories":[18,1,2,3],"tags":[],"class_list":["post-29594","post","type-post","status-publish","format-standard","has-post-thumbnail","hentry","category-almomento","category-boletin","category-estado","category-health"],"_links":{"self":[{"href":"https:\/\/icoinformativo.mx\/home\/index.php?rest_route=\/wp\/v2\/posts\/29594","targetHints":{"allow":["GET"]}}],"collection":[{"href":"https:\/\/icoinformativo.mx\/home\/index.php?rest_route=\/wp\/v2\/posts"}],"about":[{"href":"https:\/\/icoinformativo.mx\/home\/index.php?rest_route=\/wp\/v2\/types\/post"}],"author":[{"embeddable":true,"href":"https:\/\/icoinformativo.mx\/home\/index.php?rest_route=\/wp\/v2\/users\/2"}],"replies":[{"embeddable":true,"href":"https:\/\/icoinformativo.mx\/home\/index.php?rest_route=%2Fwp%2Fv2%2Fcomments&post=29594"}],"version-history":[{"count":1,"href":"https:\/\/icoinformativo.mx\/home\/index.php?rest_route=\/wp\/v2\/posts\/29594\/revisions"}],"predecessor-version":[{"id":29596,"href":"https:\/\/icoinformativo.mx\/home\/index.php?rest_route=\/wp\/v2\/posts\/29594\/revisions\/29596"}],"wp:featuredmedia":[{"embeddable":true,"href":"https:\/\/icoinformativo.mx\/home\/index.php?rest_route=\/wp\/v2\/media\/29595"}],"wp:attachment":[{"href":"https:\/\/icoinformativo.mx\/home\/index.php?rest_route=%2Fwp%2Fv2%2Fmedia&parent=29594"}],"wp:term":[{"taxonomy":"category","embeddable":true,"href":"https:\/\/icoinformativo.mx\/home\/index.php?rest_route=%2Fwp%2Fv2%2Fcategories&post=29594"},{"taxonomy":"post_tag","embeddable":true,"href":"https:\/\/icoinformativo.mx\/home\/index.php?rest_route=%2Fwp%2Fv2%2Ftags&post=29594"}],"curies":[{"name":"wp","href":"https:\/\/api.w.org\/{rel}","templated":true}]}}