{"id":29590,"date":"2025-01-05T04:17:01","date_gmt":"2025-01-05T04:17:01","guid":{"rendered":"https:\/\/icoinformativo.mx\/home\/?p=29590"},"modified":"2025-01-05T04:17:01","modified_gmt":"2025-01-05T04:17:01","slug":"una-calle-mas-en-beneficio-de-familias-de-la-colonia-las-granjas-angel-torres","status":"publish","type":"post","link":"https:\/\/icoinformativo.mx\/home\/?p=29590","title":{"rendered":"Una calle m\u00e1s en beneficio de familias de la colonia Las Granjas: Angel Torres *"},"content":{"rendered":"<p>&nbsp;<\/p>\n<p>\u2022 Ser\u00e1n cerca de 300 metros lineales con concreto hidr\u00e1ulico, banquetas, guarniciones, alumbrado, as\u00ed como con red de agua potable y drenaje<\/p>\n<p>&nbsp;<\/p>\n<p>El presidente municipal de Tuxtla Guti\u00e9rrez, Angel Torres, en compa\u00f1\u00eda de vecinas y vecinos, puso en marcha los trabajos de construcci\u00f3n de una calle m\u00e1s en beneficio de la colonia Las Granjas, con lo que se mejorar\u00e1 la imagen urbana, la conectividad y movilidad en la zona.<\/p>\n<p>&nbsp;<\/p>\n<p>En este marco, el edil capitalino destac\u00f3 que ser\u00e1 una vialidad integral con m\u00e1s de 250 metros lineales con concreto hidr\u00e1ulico, banquetas, guarniciones, alumbrado, as\u00ed como con red de agua potable y drenaje, misma que contribuir\u00e1 a la seguridad de las familias.<\/p>\n<p>&nbsp;<\/p>\n<p>Al explicar que ser\u00e1 la Calle Chiapas entre las avenidas Limones y Colima, Angel Torres inform\u00f3 que vendr\u00e1n m\u00e1s proyectos para las colonias de nuestra capital, porque en esta Nueva ERA, dijo, llevamos justicia social para mejorar la calidad de vida de las y los tuxtlecos.<\/p>\n","protected":false},"excerpt":{"rendered":"<p>&nbsp; \u2022 Ser\u00e1n cerca de 300 metros lineales con concreto hidr\u00e1ulico, banquetas, guarniciones, alumbrado, as\u00ed&#8230;<\/p>\n","protected":false},"author":2,"featured_media":29592,"comment_status":"closed","ping_status":"closed","sticky":false,"template":"","format":"standard","meta":{"_joinchat":[],"footnotes":""},"categories":[18,1,2,3],"tags":[],"class_list":["post-29590","post","type-post","status-publish","format-standard","has-post-thumbnail","hentry","category-almomento","category-boletin","category-estado","category-health"],"_links":{"self":[{"href":"https:\/\/icoinformativo.mx\/home\/index.php?rest_route=\/wp\/v2\/posts\/29590","targetHints":{"allow":["GET"]}}],"collection":[{"href":"https:\/\/icoinformativo.mx\/home\/index.php?rest_route=\/wp\/v2\/posts"}],"about":[{"href":"https:\/\/icoinformativo.mx\/home\/index.php?rest_route=\/wp\/v2\/types\/post"}],"author":[{"embeddable":true,"href":"https:\/\/icoinformativo.mx\/home\/index.php?rest_route=\/wp\/v2\/users\/2"}],"replies":[{"embeddable":true,"href":"https:\/\/icoinformativo.mx\/home\/index.php?rest_route=%2Fwp%2Fv2%2Fcomments&post=29590"}],"version-history":[{"count":1,"href":"https:\/\/icoinformativo.mx\/home\/index.php?rest_route=\/wp\/v2\/posts\/29590\/revisions"}],"predecessor-version":[{"id":29593,"href":"https:\/\/icoinformativo.mx\/home\/index.php?rest_route=\/wp\/v2\/posts\/29590\/revisions\/29593"}],"wp:featuredmedia":[{"embeddable":true,"href":"https:\/\/icoinformativo.mx\/home\/index.php?rest_route=\/wp\/v2\/media\/29592"}],"wp:attachment":[{"href":"https:\/\/icoinformativo.mx\/home\/index.php?rest_route=%2Fwp%2Fv2%2Fmedia&parent=29590"}],"wp:term":[{"taxonomy":"category","embeddable":true,"href":"https:\/\/icoinformativo.mx\/home\/index.php?rest_route=%2Fwp%2Fv2%2Fcategories&post=29590"},{"taxonomy":"post_tag","embeddable":true,"href":"https:\/\/icoinformativo.mx\/home\/index.php?rest_route=%2Fwp%2Fv2%2Ftags&post=29590"}],"curies":[{"name":"wp","href":"https:\/\/api.w.org\/{rel}","templated":true}]}}