{"id":29587,"date":"2025-01-04T03:31:36","date_gmt":"2025-01-04T03:31:36","guid":{"rendered":"https:\/\/icoinformativo.mx\/home\/?p=29587"},"modified":"2025-01-04T03:31:36","modified_gmt":"2025-01-04T03:31:36","slug":"pichucalco-arranque-de-reforzamiento-de-las-acciones-comunitarias-contra-el-dengue-2025","status":"publish","type":"post","link":"https:\/\/icoinformativo.mx\/home\/?p=29587","title":{"rendered":"Pichucalco \u00abArranque de Reforzamiento de las Acciones Comunitarias Contra el Dengue 2025\u00bb"},"content":{"rendered":"<p>El Gobierno Municipal de Pichucalco, que preside el Mtro. Andres Carballo Cordova , en coordinaci\u00f3n con la Jurisdicci\u00f3n Sanitaria V Norte de Chiapas, dirigida por el Dr. Guillermo Ituriel Gordillo Penagos, dan el banderazo de inicio al \u00abArranque de Reforzamiento de las Acciones Comunitarias Contra el Dengue 2025\u00bb.<\/p>\n<p>Durante el evento, el alcalde Carballo C\u00f3rdova invit\u00f3 a la poblaci\u00f3n a participar en estas acciones que buscan prevenir enfermedades infecciosas transmitidas por picaduras de mosquitos, especialmente el dengue, lo que permitir\u00e1 un mejor control y prevenci\u00f3n, forjando Acciones que Contribuyen al Cambio.<\/p>\n<p>Estos trabajos se llevar\u00e1n a cabo del 3 al 5 de enero 2025, y se recomienda abrir puertas y ventanas para que la fumigaci\u00f3n sea m\u00e1s efectiva. \u00a1Al dengue le decimos cero!<\/p>\n<p>El Gobierno Municipal de Pichucalco agradece al Gobernador del estado de Chiapas, Dr. Eduardo Ram\u00edrez Aguilar, por su inter\u00e9s en cuidar la salud de todos los chiapanecos.<\/p>\n<p>Por el Bienestar y el de tu Familia, Participa.<\/p>\n<p>\u00a1Acciones que Contribuyen al Cambio!<\/p>\n","protected":false},"excerpt":{"rendered":"<p>El Gobierno Municipal de Pichucalco, que preside el Mtro. Andres Carballo Cordova , en coordinaci\u00f3n&#8230;<\/p>\n","protected":false},"author":2,"featured_media":29588,"comment_status":"closed","ping_status":"closed","sticky":false,"template":"","format":"standard","meta":{"_joinchat":[],"footnotes":""},"categories":[18,1,2,3],"tags":[],"class_list":["post-29587","post","type-post","status-publish","format-standard","has-post-thumbnail","hentry","category-almomento","category-boletin","category-estado","category-health"],"_links":{"self":[{"href":"https:\/\/icoinformativo.mx\/home\/index.php?rest_route=\/wp\/v2\/posts\/29587","targetHints":{"allow":["GET"]}}],"collection":[{"href":"https:\/\/icoinformativo.mx\/home\/index.php?rest_route=\/wp\/v2\/posts"}],"about":[{"href":"https:\/\/icoinformativo.mx\/home\/index.php?rest_route=\/wp\/v2\/types\/post"}],"author":[{"embeddable":true,"href":"https:\/\/icoinformativo.mx\/home\/index.php?rest_route=\/wp\/v2\/users\/2"}],"replies":[{"embeddable":true,"href":"https:\/\/icoinformativo.mx\/home\/index.php?rest_route=%2Fwp%2Fv2%2Fcomments&post=29587"}],"version-history":[{"count":1,"href":"https:\/\/icoinformativo.mx\/home\/index.php?rest_route=\/wp\/v2\/posts\/29587\/revisions"}],"predecessor-version":[{"id":29589,"href":"https:\/\/icoinformativo.mx\/home\/index.php?rest_route=\/wp\/v2\/posts\/29587\/revisions\/29589"}],"wp:featuredmedia":[{"embeddable":true,"href":"https:\/\/icoinformativo.mx\/home\/index.php?rest_route=\/wp\/v2\/media\/29588"}],"wp:attachment":[{"href":"https:\/\/icoinformativo.mx\/home\/index.php?rest_route=%2Fwp%2Fv2%2Fmedia&parent=29587"}],"wp:term":[{"taxonomy":"category","embeddable":true,"href":"https:\/\/icoinformativo.mx\/home\/index.php?rest_route=%2Fwp%2Fv2%2Fcategories&post=29587"},{"taxonomy":"post_tag","embeddable":true,"href":"https:\/\/icoinformativo.mx\/home\/index.php?rest_route=%2Fwp%2Fv2%2Ftags&post=29587"}],"curies":[{"name":"wp","href":"https:\/\/api.w.org\/{rel}","templated":true}]}}