{"id":29584,"date":"2025-01-04T03:25:01","date_gmt":"2025-01-04T03:25:01","guid":{"rendered":"https:\/\/icoinformativo.mx\/home\/?p=29584"},"modified":"2025-01-04T03:25:01","modified_gmt":"2025-01-04T03:25:01","slug":"el-presidente-municipal-mtro-andres-carballo-cordova-participo-en-la-mesa-de-construccion-de-la-paz-y-seguridad-en-la-region-norte-mde-chiapas","status":"publish","type":"post","link":"https:\/\/icoinformativo.mx\/home\/?p=29584","title":{"rendered":"El presidente municipal, Mtro. Andr\u00e9s Carballo C\u00f3rdova, particip\u00f3 en la \u00abMesa de Construcci\u00f3n de la Paz y Seguridad en la Regi\u00f3n Norte mde Chiapas\u00bb."},"content":{"rendered":"<p>&nbsp;<\/p>\n<p>En este encuentro, los distintos alcaldes de la regi\u00f3n y autoridades estatales se reunieron para abordar temas de seguridad y alcanzar acuerdos significativos que beneficien a la regi\u00f3n Norte de Chiapas y Pichucalco.<\/p>\n<p>&nbsp;<\/p>\n<p>La colaboraci\u00f3n y el trabajo en equipo son fundamentales para enfrentar los desaf\u00edos de seguridad, y la participaci\u00f3n de los presidentes municipales de la regi\u00f3n norte subraya la importancia de esta cooperaci\u00f3n.<\/p>\n<p>&nbsp;<\/p>\n<p>Siguiendo las instrucciones de la presidenta de la Rep\u00fablica, Dra. Claudia Sheinbaum Pardo, y del gobernador de Chiapas, Dr. Eduardo Ram\u00edrez Aguilar, los asistentes coincidieron en que la paz y la seguridad son primordiales para el bienestar de todos.<\/p>\n<p>&nbsp;<\/p>\n<p>Esta iniciativa representa un paso importante hacia la construcci\u00f3n de una sociedad m\u00e1s segura y pac\u00edfica en la Regi\u00f3n Norte de Chiapas.<\/p>\n<p>&nbsp;<\/p>\n<p>\u00a1Acciones que Contribuyen al Cambio!<\/p>\n","protected":false},"excerpt":{"rendered":"<p>&nbsp; En este encuentro, los distintos alcaldes de la regi\u00f3n y autoridades estatales se reunieron&#8230;<\/p>\n","protected":false},"author":2,"featured_media":29585,"comment_status":"closed","ping_status":"closed","sticky":false,"template":"","format":"standard","meta":{"_joinchat":[],"footnotes":""},"categories":[18,1,2,3],"tags":[],"class_list":["post-29584","post","type-post","status-publish","format-standard","has-post-thumbnail","hentry","category-almomento","category-boletin","category-estado","category-health"],"_links":{"self":[{"href":"https:\/\/icoinformativo.mx\/home\/index.php?rest_route=\/wp\/v2\/posts\/29584","targetHints":{"allow":["GET"]}}],"collection":[{"href":"https:\/\/icoinformativo.mx\/home\/index.php?rest_route=\/wp\/v2\/posts"}],"about":[{"href":"https:\/\/icoinformativo.mx\/home\/index.php?rest_route=\/wp\/v2\/types\/post"}],"author":[{"embeddable":true,"href":"https:\/\/icoinformativo.mx\/home\/index.php?rest_route=\/wp\/v2\/users\/2"}],"replies":[{"embeddable":true,"href":"https:\/\/icoinformativo.mx\/home\/index.php?rest_route=%2Fwp%2Fv2%2Fcomments&post=29584"}],"version-history":[{"count":1,"href":"https:\/\/icoinformativo.mx\/home\/index.php?rest_route=\/wp\/v2\/posts\/29584\/revisions"}],"predecessor-version":[{"id":29586,"href":"https:\/\/icoinformativo.mx\/home\/index.php?rest_route=\/wp\/v2\/posts\/29584\/revisions\/29586"}],"wp:featuredmedia":[{"embeddable":true,"href":"https:\/\/icoinformativo.mx\/home\/index.php?rest_route=\/wp\/v2\/media\/29585"}],"wp:attachment":[{"href":"https:\/\/icoinformativo.mx\/home\/index.php?rest_route=%2Fwp%2Fv2%2Fmedia&parent=29584"}],"wp:term":[{"taxonomy":"category","embeddable":true,"href":"https:\/\/icoinformativo.mx\/home\/index.php?rest_route=%2Fwp%2Fv2%2Fcategories&post=29584"},{"taxonomy":"post_tag","embeddable":true,"href":"https:\/\/icoinformativo.mx\/home\/index.php?rest_route=%2Fwp%2Fv2%2Ftags&post=29584"}],"curies":[{"name":"wp","href":"https:\/\/api.w.org\/{rel}","templated":true}]}}