{"id":29581,"date":"2025-01-04T03:17:43","date_gmt":"2025-01-04T03:17:43","guid":{"rendered":"https:\/\/icoinformativo.mx\/home\/?p=29581"},"modified":"2025-01-04T03:17:43","modified_gmt":"2025-01-04T03:17:43","slug":"una-calle-mas-ahora-en-jardines-del-pedregal-angel-torres","status":"publish","type":"post","link":"https:\/\/icoinformativo.mx\/home\/?p=29581","title":{"rendered":"*Una calle m\u00e1s; ahora en Jardines del Pedregal: Angel Torres*"},"content":{"rendered":"<p>&nbsp;<\/p>\n<p>\u2022 Con esta pavimentaci\u00f3n se beneficiar\u00e1 a las familias de Jardines del Pedregal 3\u00aa Secci\u00f3n y de colonias aleda\u00f1as<\/p>\n<p>El presidente municipal de Tuxtla Guti\u00e9rrez, Angel Torres, puso en marcha los trabajos de pavimentaci\u00f3n con concreto hidr\u00e1ulico de la avenida Sard\u00f3nice en beneficio de las familias de la colonia Jardines del Pedregal 3\u00aa Secci\u00f3n.<\/p>\n<p>Con la construcci\u00f3n de m\u00e1s de 260 metros lineales, banquetas, guarniciones, luminarias, se\u00f1al\u00e9ticas, adem\u00e1s de la rehabilitaci\u00f3n de la red de agua potable y drenaje, se mejorar\u00e1 la imagen urbana, la calidad de vida de las familias, pero sobre todo, se har\u00e1 justicia social a las y los habitantes que por muchos a\u00f1os hab\u00edan esperado esta obra.<\/p>\n<p>Estas acciones forman parte del Plan Tuxtla 4T, el cual est\u00e1 alineado a las pol\u00edticas del Plan Estatal de Desarrollo que encabeza el gobernador, Eduardo Ram\u00edrez Aguilar, porque \u201cen la Nueva ERA no hay tiempo que perder en la construcci\u00f3n del segundo piso de la Cuarta Transformaci\u00f3n\u201d, enfatiz\u00f3 el alcalde capitalino.<\/p>\n","protected":false},"excerpt":{"rendered":"<p>&nbsp; \u2022 Con esta pavimentaci\u00f3n se beneficiar\u00e1 a las familias de Jardines del Pedregal 3\u00aa&#8230;<\/p>\n","protected":false},"author":2,"featured_media":29582,"comment_status":"closed","ping_status":"closed","sticky":false,"template":"","format":"standard","meta":{"_joinchat":[],"footnotes":""},"categories":[18,1,2,3],"tags":[],"class_list":["post-29581","post","type-post","status-publish","format-standard","has-post-thumbnail","hentry","category-almomento","category-boletin","category-estado","category-health"],"_links":{"self":[{"href":"https:\/\/icoinformativo.mx\/home\/index.php?rest_route=\/wp\/v2\/posts\/29581","targetHints":{"allow":["GET"]}}],"collection":[{"href":"https:\/\/icoinformativo.mx\/home\/index.php?rest_route=\/wp\/v2\/posts"}],"about":[{"href":"https:\/\/icoinformativo.mx\/home\/index.php?rest_route=\/wp\/v2\/types\/post"}],"author":[{"embeddable":true,"href":"https:\/\/icoinformativo.mx\/home\/index.php?rest_route=\/wp\/v2\/users\/2"}],"replies":[{"embeddable":true,"href":"https:\/\/icoinformativo.mx\/home\/index.php?rest_route=%2Fwp%2Fv2%2Fcomments&post=29581"}],"version-history":[{"count":1,"href":"https:\/\/icoinformativo.mx\/home\/index.php?rest_route=\/wp\/v2\/posts\/29581\/revisions"}],"predecessor-version":[{"id":29583,"href":"https:\/\/icoinformativo.mx\/home\/index.php?rest_route=\/wp\/v2\/posts\/29581\/revisions\/29583"}],"wp:featuredmedia":[{"embeddable":true,"href":"https:\/\/icoinformativo.mx\/home\/index.php?rest_route=\/wp\/v2\/media\/29582"}],"wp:attachment":[{"href":"https:\/\/icoinformativo.mx\/home\/index.php?rest_route=%2Fwp%2Fv2%2Fmedia&parent=29581"}],"wp:term":[{"taxonomy":"category","embeddable":true,"href":"https:\/\/icoinformativo.mx\/home\/index.php?rest_route=%2Fwp%2Fv2%2Fcategories&post=29581"},{"taxonomy":"post_tag","embeddable":true,"href":"https:\/\/icoinformativo.mx\/home\/index.php?rest_route=%2Fwp%2Fv2%2Ftags&post=29581"}],"curies":[{"name":"wp","href":"https:\/\/api.w.org\/{rel}","templated":true}]}}