{"id":29570,"date":"2025-01-04T02:44:40","date_gmt":"2025-01-04T02:44:40","guid":{"rendered":"https:\/\/icoinformativo.mx\/home\/?p=29570"},"modified":"2025-01-04T02:44:40","modified_gmt":"2025-01-04T02:44:40","slug":"realizan-primera-reunion-de-delegados-del-instituto-del-deporte","status":"publish","type":"post","link":"https:\/\/icoinformativo.mx\/home\/?p=29570","title":{"rendered":"Realizan primera reuni\u00f3n de delegados del Instituto del Deporte"},"content":{"rendered":"<p>&nbsp;<\/p>\n<p>\u00b7 El director general Adona\u00ed S\u00e1nchez Osorio, estuvo acompa\u00f1ado por los delegados de cada zona del estado y por titulares de cada \u00e1rea de la dependencia<\/p>\n<p>\u00b7 Se presentaron calendarios de procesos selectivos, informe de actividades, documentos de trabajo para Juegos Nacionales Conade y Carrera Jam Ach\u2019 Ulel<\/p>\n<p>&nbsp;<\/p>\n<p>El director del Instituto del Deporte del Estado de Chiapas (Indeporte), Adona\u00ed S\u00e1nchez Osorio, encabez\u00f3 los trabajos de la Primera Reuni\u00f3n Estatal de Delegados Regionales, realizada en las instalaciones de la dependencia.<\/p>\n<p>&nbsp;<\/p>\n<p>En la bienvenida a la reuni\u00f3n, el titular enfatiz\u00f3 la importancia de activar a Chiapas, de fomentar que el deporte sea parte de la vida cotidiana de la poblaci\u00f3n, \u201custedes son los engranes que tienen que mover el deporte en cada zona\u201d, dijo.<\/p>\n<p>&nbsp;<\/p>\n<p>El titular del Indeporte anunci\u00f3 la creaci\u00f3n del Consejo Estatal del Deporte, el cual estar\u00e1 integrado por delegados, presidentes municipales y el gobernador del estado, Eduardo Ram\u00edrez Aguilar, todos para trabajar como un equipo llamado Chiapas.<\/p>\n<p>&nbsp;<\/p>\n<p>Asimismo, instruy\u00f3 a los delegados a convocar a la poblaci\u00f3n a actividades deportivas, para ello se les dotar\u00e1 de un kit para utilizar cada fin de semana.<\/p>\n<p>&nbsp;<\/p>\n<p>Tambi\u00e9n inform\u00f3 la relaci\u00f3n con la Comisi\u00f3n de Cultura F\u00edsica y Deporte (Conade) que dirige Rommel Pacheco y el Comit\u00e9 Ol\u00edmpico Mexicano (COM) que encabeza Mar\u00eda Jos\u00e9 Alcal\u00e1, con quienes se gestionar\u00e1 apoyos necesarios para beneficio de los deportistas chiapanecos.<\/p>\n<p>&nbsp;<\/p>\n<p>En la primera sesi\u00f3n de este 2025 cada delegado hizo entrega del informe de las selecciones municipales en el ejercicio del a\u00f1o pasado; en tanto que Ferm\u00edn Carrasco, director de Desarrollo del Deporte, realiz\u00f3 la presentaci\u00f3n del plan de trabajo para los Juegos Nacionales Conade.<\/p>\n<p>&nbsp;<\/p>\n<p>Dentro de la Primera Reuni\u00f3n Estatal de Delegados Regionales tambi\u00e9n se present\u00f3 el plan de trabajo para el deporte adaptado, de la cultura f\u00edsica y deporte. Se propuso adem\u00e1s el nuevo modelo de censo de instalaciones deportivas y fuerza t\u00e9cnica municipal, fechas para procesos selectivos municipales, regionales y estatales del Deporte Ind\u00edgena, Juegos Populares y la creaci\u00f3n de la carrera Jam Ach\u2019 Ulel.<\/p>\n","protected":false},"excerpt":{"rendered":"<p>&nbsp; \u00b7 El director general Adona\u00ed S\u00e1nchez Osorio, estuvo acompa\u00f1ado por los delegados de cada&#8230;<\/p>\n","protected":false},"author":2,"featured_media":29571,"comment_status":"closed","ping_status":"closed","sticky":false,"template":"","format":"standard","meta":{"_joinchat":[],"footnotes":""},"categories":[1,2,3],"tags":[],"class_list":["post-29570","post","type-post","status-publish","format-standard","has-post-thumbnail","hentry","category-boletin","category-estado","category-health"],"_links":{"self":[{"href":"https:\/\/icoinformativo.mx\/home\/index.php?rest_route=\/wp\/v2\/posts\/29570","targetHints":{"allow":["GET"]}}],"collection":[{"href":"https:\/\/icoinformativo.mx\/home\/index.php?rest_route=\/wp\/v2\/posts"}],"about":[{"href":"https:\/\/icoinformativo.mx\/home\/index.php?rest_route=\/wp\/v2\/types\/post"}],"author":[{"embeddable":true,"href":"https:\/\/icoinformativo.mx\/home\/index.php?rest_route=\/wp\/v2\/users\/2"}],"replies":[{"embeddable":true,"href":"https:\/\/icoinformativo.mx\/home\/index.php?rest_route=%2Fwp%2Fv2%2Fcomments&post=29570"}],"version-history":[{"count":1,"href":"https:\/\/icoinformativo.mx\/home\/index.php?rest_route=\/wp\/v2\/posts\/29570\/revisions"}],"predecessor-version":[{"id":29572,"href":"https:\/\/icoinformativo.mx\/home\/index.php?rest_route=\/wp\/v2\/posts\/29570\/revisions\/29572"}],"wp:featuredmedia":[{"embeddable":true,"href":"https:\/\/icoinformativo.mx\/home\/index.php?rest_route=\/wp\/v2\/media\/29571"}],"wp:attachment":[{"href":"https:\/\/icoinformativo.mx\/home\/index.php?rest_route=%2Fwp%2Fv2%2Fmedia&parent=29570"}],"wp:term":[{"taxonomy":"category","embeddable":true,"href":"https:\/\/icoinformativo.mx\/home\/index.php?rest_route=%2Fwp%2Fv2%2Fcategories&post=29570"},{"taxonomy":"post_tag","embeddable":true,"href":"https:\/\/icoinformativo.mx\/home\/index.php?rest_route=%2Fwp%2Fv2%2Ftags&post=29570"}],"curies":[{"name":"wp","href":"https:\/\/api.w.org\/{rel}","templated":true}]}}