{"id":29561,"date":"2025-01-03T05:17:05","date_gmt":"2025-01-03T05:17:05","guid":{"rendered":"https:\/\/icoinformativo.mx\/home\/?p=29561"},"modified":"2025-01-03T05:17:05","modified_gmt":"2025-01-03T05:17:05","slug":"trabajaremos-en-unidad-por-un-chiapas-con-justicia-y-seguridad-moreno-guillen","status":"publish","type":"post","link":"https:\/\/icoinformativo.mx\/home\/?p=29561","title":{"rendered":"*Trabajaremos en unidad por un Chiapas con justicia y seguridad: Moreno Guill\u00e9n*"},"content":{"rendered":"<p>&nbsp;<\/p>\n<p>El magistrado presidente del Poder Judicial del Estado de Chiapas, Juan Carlos Moreno Guill\u00e9n, asisti\u00f3 junto al gobernador Eduardo Ram\u00edrez Aguilar, a la presentaci\u00f3n del programa Cero Impunidad, coordinado por la Fiscal\u00eda General del Estado que encabeza el fiscal general, Jorge Luis Llaven Abarca.<\/p>\n<p>&nbsp;<\/p>\n<p>Durante el evento, se destac\u00f3 la relevancia de la colaboraci\u00f3n entre el Poder Ejecutivo, Poder Judicial y la Fiscal\u00eda General, para enfrentar los desaf\u00edos en materia de justicia, impulsando acciones concretas que contribuyan a erradicar la impunidad.<\/p>\n<p>&nbsp;<\/p>\n<p>En su intervenci\u00f3n, el gobernador Eduardo Ram\u00edrez dijo que el objetivo primordial es combatir la inseguridad y la impunidad, para garantizar la transparencia y la eficacia en la investigaci\u00f3n de los delitos.<\/p>\n<p>&nbsp;<\/p>\n<p>\u201cPara lograr esto, hemos incorporado herramientas tecnol\u00f3gicas y se establecer\u00e1 un sistema de bonos adicionales para los ministerios p\u00fablicos y fiscal\u00edas de distritos que tengan mejor rendimiento. No vamos a regatear los salarios de ninguna corporaci\u00f3n policiaca, con el objetivo de mejorar su capacidad para combatir la delincuencia\u201d, afirm\u00f3.<\/p>\n<p>&nbsp;<\/p>\n<p>Por su parte, Juan Carlos Moreno Guill\u00e9n agreg\u00f3 que desde el Poder Judicial abonaremos en esta lucha por un Chiapas con justicia y seguridad, trabajando por las necesidades del pueblo, en unidad y con el compromiso de un mejor presente para las y los chiapanecos.<\/p>\n","protected":false},"excerpt":{"rendered":"<p>&nbsp; El magistrado presidente del Poder Judicial del Estado de Chiapas, Juan Carlos Moreno Guill\u00e9n,&#8230;<\/p>\n","protected":false},"author":2,"featured_media":29562,"comment_status":"closed","ping_status":"closed","sticky":false,"template":"","format":"standard","meta":{"_joinchat":[],"footnotes":""},"categories":[18,1,2,3],"tags":[],"class_list":["post-29561","post","type-post","status-publish","format-standard","has-post-thumbnail","hentry","category-almomento","category-boletin","category-estado","category-health"],"_links":{"self":[{"href":"https:\/\/icoinformativo.mx\/home\/index.php?rest_route=\/wp\/v2\/posts\/29561","targetHints":{"allow":["GET"]}}],"collection":[{"href":"https:\/\/icoinformativo.mx\/home\/index.php?rest_route=\/wp\/v2\/posts"}],"about":[{"href":"https:\/\/icoinformativo.mx\/home\/index.php?rest_route=\/wp\/v2\/types\/post"}],"author":[{"embeddable":true,"href":"https:\/\/icoinformativo.mx\/home\/index.php?rest_route=\/wp\/v2\/users\/2"}],"replies":[{"embeddable":true,"href":"https:\/\/icoinformativo.mx\/home\/index.php?rest_route=%2Fwp%2Fv2%2Fcomments&post=29561"}],"version-history":[{"count":1,"href":"https:\/\/icoinformativo.mx\/home\/index.php?rest_route=\/wp\/v2\/posts\/29561\/revisions"}],"predecessor-version":[{"id":29563,"href":"https:\/\/icoinformativo.mx\/home\/index.php?rest_route=\/wp\/v2\/posts\/29561\/revisions\/29563"}],"wp:featuredmedia":[{"embeddable":true,"href":"https:\/\/icoinformativo.mx\/home\/index.php?rest_route=\/wp\/v2\/media\/29562"}],"wp:attachment":[{"href":"https:\/\/icoinformativo.mx\/home\/index.php?rest_route=%2Fwp%2Fv2%2Fmedia&parent=29561"}],"wp:term":[{"taxonomy":"category","embeddable":true,"href":"https:\/\/icoinformativo.mx\/home\/index.php?rest_route=%2Fwp%2Fv2%2Fcategories&post=29561"},{"taxonomy":"post_tag","embeddable":true,"href":"https:\/\/icoinformativo.mx\/home\/index.php?rest_route=%2Fwp%2Fv2%2Ftags&post=29561"}],"curies":[{"name":"wp","href":"https:\/\/api.w.org\/{rel}","templated":true}]}}