{"id":29554,"date":"2025-01-03T04:26:50","date_gmt":"2025-01-03T04:26:50","guid":{"rendered":"https:\/\/icoinformativo.mx\/home\/?p=29554"},"modified":"2025-01-03T04:26:50","modified_gmt":"2025-01-03T04:26:50","slug":"ayuntamiento-de-pichucalco-invita-a-la-ciudadania-a-participar-en-el-reforzamiento-de-acciones-contra-el-dengue","status":"publish","type":"post","link":"https:\/\/icoinformativo.mx\/home\/?p=29554","title":{"rendered":"Ayuntamiento de Pichucalco invita a la ciudadan\u00eda a Participar en el Reforzamiento de Acciones contra el Dengue!"},"content":{"rendered":"<p>El Gobierno Municipal de Pichucalco, en coordinaci\u00f3n con la Jurisdicci\u00f3n Sanitaria No. 5, te invita a formar parte del reforzamiento de acciones contra el dengue que se llevar\u00e1 a cabo en nuestro municipio del 3 al 5 de enero.<\/p>\n<p>&nbsp;<\/p>\n<p>\u00bfC\u00f3mo puedes participar?<\/p>\n<p>&nbsp;<\/p>\n<p>Es muy sencillo: solo abre las puertas y ventanas de tu casa cuando el personal de vectores de la jurisdicci\u00f3n pase fumigando.<\/p>\n<p>&nbsp;<\/p>\n<p>\u00a1Tu colaboraci\u00f3n es esencial para mantener nuestro municipio seguro y libre de dengue!<\/p>\n<p>&nbsp;<\/p>\n<p>Acciones que Contribuyen al Cambio.<\/p>\n","protected":false},"excerpt":{"rendered":"<p>El Gobierno Municipal de Pichucalco, en coordinaci\u00f3n con la Jurisdicci\u00f3n Sanitaria No. 5, te invita&#8230;<\/p>\n","protected":false},"author":2,"featured_media":29555,"comment_status":"closed","ping_status":"closed","sticky":false,"template":"","format":"standard","meta":{"_joinchat":[],"footnotes":""},"categories":[1,2,3,4],"tags":[],"class_list":["post-29554","post","type-post","status-publish","format-standard","has-post-thumbnail","hentry","category-boletin","category-estado","category-health","category-pichucalco"],"_links":{"self":[{"href":"https:\/\/icoinformativo.mx\/home\/index.php?rest_route=\/wp\/v2\/posts\/29554","targetHints":{"allow":["GET"]}}],"collection":[{"href":"https:\/\/icoinformativo.mx\/home\/index.php?rest_route=\/wp\/v2\/posts"}],"about":[{"href":"https:\/\/icoinformativo.mx\/home\/index.php?rest_route=\/wp\/v2\/types\/post"}],"author":[{"embeddable":true,"href":"https:\/\/icoinformativo.mx\/home\/index.php?rest_route=\/wp\/v2\/users\/2"}],"replies":[{"embeddable":true,"href":"https:\/\/icoinformativo.mx\/home\/index.php?rest_route=%2Fwp%2Fv2%2Fcomments&post=29554"}],"version-history":[{"count":1,"href":"https:\/\/icoinformativo.mx\/home\/index.php?rest_route=\/wp\/v2\/posts\/29554\/revisions"}],"predecessor-version":[{"id":29556,"href":"https:\/\/icoinformativo.mx\/home\/index.php?rest_route=\/wp\/v2\/posts\/29554\/revisions\/29556"}],"wp:featuredmedia":[{"embeddable":true,"href":"https:\/\/icoinformativo.mx\/home\/index.php?rest_route=\/wp\/v2\/media\/29555"}],"wp:attachment":[{"href":"https:\/\/icoinformativo.mx\/home\/index.php?rest_route=%2Fwp%2Fv2%2Fmedia&parent=29554"}],"wp:term":[{"taxonomy":"category","embeddable":true,"href":"https:\/\/icoinformativo.mx\/home\/index.php?rest_route=%2Fwp%2Fv2%2Fcategories&post=29554"},{"taxonomy":"post_tag","embeddable":true,"href":"https:\/\/icoinformativo.mx\/home\/index.php?rest_route=%2Fwp%2Fv2%2Ftags&post=29554"}],"curies":[{"name":"wp","href":"https:\/\/api.w.org\/{rel}","templated":true}]}}