{"id":29551,"date":"2025-01-03T04:16:36","date_gmt":"2025-01-03T04:16:36","guid":{"rendered":"https:\/\/icoinformativo.mx\/home\/?p=29551"},"modified":"2025-01-03T04:16:36","modified_gmt":"2025-01-03T04:16:36","slug":"celebremos-el-dia-de-reyes-en-el-planetario-tuxtla","status":"publish","type":"post","link":"https:\/\/icoinformativo.mx\/home\/?p=29551","title":{"rendered":"Celebremos el D\u00eda de Reyes en el Planetario Tuxtla"},"content":{"rendered":"<p style=\"text-align: right;\">\n<p>\u2022 \u201cReyes en el espacio\u201d, un evento dise\u00f1ado para combinar diversi\u00f3n, aprendizaje y convivencia<\/p>\n<p>\u2022 El conocimiento cient\u00edfico y los valores familiares son el eje de un Chiapas comprometido con el desarrollo y la armon\u00eda social<\/p>\n<p>&nbsp;<\/p>\n<p>Tuxtla Guti\u00e9rrez, Chiapas.- Este domingo 5 de enero el Planetario Tuxtla invita a las familias chiapanecas y al p\u00fablico en general a disfrutar de \u201cReyes en el espacio\u201d, un evento dise\u00f1ado para combinar diversi\u00f3n, aprendizaje y convivencia. Las actividades se desarrollar\u00e1n de 11:30 a.m. a 6:00 p.m., con horarios continuos y entrada gratuita para ni\u00f1as y ni\u00f1os menores de 12 a\u00f1os. No se requiere reservaci\u00f3n.<\/p>\n<p>&nbsp;<\/p>\n<p>\u201cReyes en el espacio\u201d fue organizado por la Agencia Digital Tecnol\u00f3gica del Estado (ADTE), bajo la direcci\u00f3n de Jovani Salazar, evento que reafirma el compromiso de Chiapas con la promoci\u00f3n del conocimiento cient\u00edfico, el fortalecimiento de la uni\u00f3n familiar y la difusi\u00f3n de valores esenciales como el humanismo, la paz y la armon\u00eda, tan importantes en estas fechas.<\/p>\n<p>&nbsp;<\/p>\n<p>Una jornada llena de sorpresas y momentos inolvidables espera a ni\u00f1as, ni\u00f1os y juventudes chiapanecas, en un espacio que inspira aprendizaje y convivencia. \u00a1El Planetario Tuxtla los espera para celebrar juntos este D\u00eda de Reyes!<\/p>\n","protected":false},"excerpt":{"rendered":"<p>\u2022 \u201cReyes en el espacio\u201d, un evento dise\u00f1ado para combinar diversi\u00f3n, aprendizaje y convivencia \u2022&#8230;<\/p>\n","protected":false},"author":2,"featured_media":29552,"comment_status":"closed","ping_status":"closed","sticky":false,"template":"","format":"standard","meta":{"_joinchat":[],"footnotes":""},"categories":[1],"tags":[],"class_list":["post-29551","post","type-post","status-publish","format-standard","has-post-thumbnail","hentry","category-boletin"],"_links":{"self":[{"href":"https:\/\/icoinformativo.mx\/home\/index.php?rest_route=\/wp\/v2\/posts\/29551","targetHints":{"allow":["GET"]}}],"collection":[{"href":"https:\/\/icoinformativo.mx\/home\/index.php?rest_route=\/wp\/v2\/posts"}],"about":[{"href":"https:\/\/icoinformativo.mx\/home\/index.php?rest_route=\/wp\/v2\/types\/post"}],"author":[{"embeddable":true,"href":"https:\/\/icoinformativo.mx\/home\/index.php?rest_route=\/wp\/v2\/users\/2"}],"replies":[{"embeddable":true,"href":"https:\/\/icoinformativo.mx\/home\/index.php?rest_route=%2Fwp%2Fv2%2Fcomments&post=29551"}],"version-history":[{"count":1,"href":"https:\/\/icoinformativo.mx\/home\/index.php?rest_route=\/wp\/v2\/posts\/29551\/revisions"}],"predecessor-version":[{"id":29553,"href":"https:\/\/icoinformativo.mx\/home\/index.php?rest_route=\/wp\/v2\/posts\/29551\/revisions\/29553"}],"wp:featuredmedia":[{"embeddable":true,"href":"https:\/\/icoinformativo.mx\/home\/index.php?rest_route=\/wp\/v2\/media\/29552"}],"wp:attachment":[{"href":"https:\/\/icoinformativo.mx\/home\/index.php?rest_route=%2Fwp%2Fv2%2Fmedia&parent=29551"}],"wp:term":[{"taxonomy":"category","embeddable":true,"href":"https:\/\/icoinformativo.mx\/home\/index.php?rest_route=%2Fwp%2Fv2%2Fcategories&post=29551"},{"taxonomy":"post_tag","embeddable":true,"href":"https:\/\/icoinformativo.mx\/home\/index.php?rest_route=%2Fwp%2Fv2%2Ftags&post=29551"}],"curies":[{"name":"wp","href":"https:\/\/api.w.org\/{rel}","templated":true}]}}