{"id":29545,"date":"2025-01-03T04:08:54","date_gmt":"2025-01-03T04:08:54","guid":{"rendered":"https:\/\/icoinformativo.mx\/home\/?p=29545"},"modified":"2025-01-03T04:08:54","modified_gmt":"2025-01-03T04:08:54","slug":"la-academia-tiene-que-producir-y-concatenarse-con-lo-que-sucede-afuera-de-las-aulas-secretario-de-educacion","status":"publish","type":"post","link":"https:\/\/icoinformativo.mx\/home\/?p=29545","title":{"rendered":"La academia tiene que producir y concatenarse con lo que sucede afuera de las aulas: secretario de Educaci\u00f3n"},"content":{"rendered":"<p>&nbsp;<\/p>\n<p>\u2022 Asiste Roger Mandujano a la presentaci\u00f3n oficial de la nueva rectora de la UPChiapas, a quien reconoci\u00f3 como una gran acad\u00e9mica y luchadora por las mujeres<\/p>\n<p>\u2022 Las universidades tienen que ser transformadoras y del pueblo, afirm\u00f3 el titular de la Secretar\u00eda de Educaci\u00f3n<\/p>\n<p>&nbsp;<\/p>\n<p>Suchiapa.- El secretario de Educaci\u00f3n, Roger Mandujano Ayala, acudi\u00f3 este jueves a la presentaci\u00f3n oficial de Indra Toledo Couti\u00f1o, como rectora de la Universidad Polit\u00e9cnica de Chiapas (UPChiapas), con sede en el municipio de Suchiapa.<\/p>\n<p>&nbsp;<\/p>\n<p>Durante su participaci\u00f3n y ante estudiantes, docentes y personal administrativo, el titular de la dependencia estatal reconoci\u00f3 a la nueva rectora como una gran acad\u00e9mica, luchadora por las mujeres y una persona que entiende muy bien la ideolog\u00eda que est\u00e1 enarbolando el gobernador de Chiapas, Eduardo Ram\u00edrez.<\/p>\n<p>&nbsp;<\/p>\n<p>En esta Nueva ERA, afirm\u00f3, hay muchas luchas y una de las m\u00e1s importantes quiz\u00e1 sea el tema de la paz; sin embargo, agreg\u00f3, est\u00e1 tambi\u00e9n la lucha que se desempe\u00f1a en los claustros acad\u00e9micos, resaltando que, una de ellas, es la formaci\u00f3n de las mentes y de los perfiles profesionales para la inclusi\u00f3n no s\u00f3lo laboral sino social, \u00abla academia tiene que producir y concatenarse con lo que est\u00e1 sucediendo afuera de las aulas, esa es nuestra misi\u00f3n como gobierno\u00bb, recalc\u00f3.<\/p>\n<p>&nbsp;<\/p>\n<p>Mandujano Ayala explic\u00f3 que no solo se trata de ser pertinentes sino de contar con una visi\u00f3n sistem\u00e1tica para que se puedan hacer productos de investigaci\u00f3n, o bien, carreras completas que sirvan no s\u00f3lo para lo que ya est\u00e1 sino para lo que viene, y que saluden a la pol\u00edtica p\u00fablica del gobierno.<\/p>\n<p>&nbsp;<\/p>\n<p>\u00abEse es el tipo de universidades transformadoras que nosotros queremos impulsar en esta Nueva ERA y no solo para un sexenio, sino para que impacten m\u00e1s all\u00e1 de eso y, en esta f\u00f3rmula se reconoce humildemente que el gobierno no lo puede todo y que necesita del pueblo para tener ese efecto multiplicador. Creemos que las universidades tienen que ser del pueblo\u00bb, refiri\u00f3.<\/p>\n<p>&nbsp;<\/p>\n<p>El secretario de Educaci\u00f3n enunci\u00f3 tambi\u00e9n el proyecto que, asever\u00f3, est\u00e1 impulsando el gobernador y dijo, es otra batalla que se ganar\u00e1 con el l\u00e1piz y el papel, pero especialmente, con la voluntad de todos, haciendo referencia al analfabetismo, con una f\u00f3rmula que, a\u00f1adi\u00f3, propone que la batalla que sea de uno a uno; es decir, que cada chiapaneco que s\u00ed sabe leer y escribir, forme a otro.<\/p>\n<p>&nbsp;<\/p>\n<p>Invit\u00f3 finalmente a toda la comunidad de la Universidad Polit\u00e9cnica de Chiapas a participar en este proyecto, recalcando que es un llamado a los corazones y al pueblo de Chiapas; por su parte, la rectora hizo \u00e9nfasis en su compromiso de trabajar por la educaci\u00f3n de las y los j\u00f3venes chiapanecos, labor a la que se ha dedicado buena parte de su vida.<\/p>\n","protected":false},"excerpt":{"rendered":"<p>&nbsp; \u2022 Asiste Roger Mandujano a la presentaci\u00f3n oficial de la nueva rectora de la&#8230;<\/p>\n","protected":false},"author":2,"featured_media":29546,"comment_status":"closed","ping_status":"closed","sticky":false,"template":"","format":"standard","meta":{"_joinchat":[],"footnotes":""},"categories":[18,1,2,3],"tags":[],"class_list":["post-29545","post","type-post","status-publish","format-standard","has-post-thumbnail","hentry","category-almomento","category-boletin","category-estado","category-health"],"_links":{"self":[{"href":"https:\/\/icoinformativo.mx\/home\/index.php?rest_route=\/wp\/v2\/posts\/29545","targetHints":{"allow":["GET"]}}],"collection":[{"href":"https:\/\/icoinformativo.mx\/home\/index.php?rest_route=\/wp\/v2\/posts"}],"about":[{"href":"https:\/\/icoinformativo.mx\/home\/index.php?rest_route=\/wp\/v2\/types\/post"}],"author":[{"embeddable":true,"href":"https:\/\/icoinformativo.mx\/home\/index.php?rest_route=\/wp\/v2\/users\/2"}],"replies":[{"embeddable":true,"href":"https:\/\/icoinformativo.mx\/home\/index.php?rest_route=%2Fwp%2Fv2%2Fcomments&post=29545"}],"version-history":[{"count":1,"href":"https:\/\/icoinformativo.mx\/home\/index.php?rest_route=\/wp\/v2\/posts\/29545\/revisions"}],"predecessor-version":[{"id":29547,"href":"https:\/\/icoinformativo.mx\/home\/index.php?rest_route=\/wp\/v2\/posts\/29545\/revisions\/29547"}],"wp:featuredmedia":[{"embeddable":true,"href":"https:\/\/icoinformativo.mx\/home\/index.php?rest_route=\/wp\/v2\/media\/29546"}],"wp:attachment":[{"href":"https:\/\/icoinformativo.mx\/home\/index.php?rest_route=%2Fwp%2Fv2%2Fmedia&parent=29545"}],"wp:term":[{"taxonomy":"category","embeddable":true,"href":"https:\/\/icoinformativo.mx\/home\/index.php?rest_route=%2Fwp%2Fv2%2Fcategories&post=29545"},{"taxonomy":"post_tag","embeddable":true,"href":"https:\/\/icoinformativo.mx\/home\/index.php?rest_route=%2Fwp%2Fv2%2Ftags&post=29545"}],"curies":[{"name":"wp","href":"https:\/\/api.w.org\/{rel}","templated":true}]}}