{"id":29542,"date":"2025-01-03T04:05:38","date_gmt":"2025-01-03T04:05:38","guid":{"rendered":"https:\/\/icoinformativo.mx\/home\/?p=29542"},"modified":"2025-01-03T04:05:38","modified_gmt":"2025-01-03T04:05:38","slug":"con-el-programa-cero-impunidad-se-combate-frontalmente-a-la-delincuencia-en-chiapas-eduardo-ramirez","status":"publish","type":"post","link":"https:\/\/icoinformativo.mx\/home\/?p=29542","title":{"rendered":"Con el programa Cero Impunidad, se combate frontalmente a la delincuencia en Chiapas: Eduardo Ram\u00edrez"},"content":{"rendered":"<p>&nbsp;<\/p>\n<p>El gobernador Eduardo Ram\u00edrez Aguilar encabez\u00f3 la presentaci\u00f3n del programa Cero Impunidad, una estrategia integral que tiene como objetivo garantizar la transparencia y eficacia en la investigaci\u00f3n de delitos, con el fin de erradicar la impunidad en Chiapas y fortalecer la seguridad, generando mayor confianza en las instituciones.<\/p>\n<p>&nbsp;<\/p>\n<p>Acompa\u00f1ado por el fiscal general del Estado, Jorge Luis Llaven Abarca; el secretario de Seguridad P\u00fablica, \u00d3scar Alberto Aparicio Avenda\u00f1o; y el empresario R\u00f3mulo Farrera Escudero, el mandatario destac\u00f3 que el programa incorpora herramientas tecnol\u00f3gicas de vanguardia y se establecer\u00e1 un sistema de incentivos para mejorar el rendimiento de los ministerios p\u00fablicos y fiscal\u00edas de distrito.<\/p>\n<p>&nbsp;<\/p>\n<p>\u201cEl gran reto que tenemos es restaurar la paz y ello significa aplicar la ley. Con el programa Cero Impunidad queremos que no quede un solo delito impune. Nuestra estrategia se centra en el combate frontal a la delincuencia\u201d, afirm\u00f3 al subrayar que en Chiapas hay autoridad moral que est\u00e1 trabajando arduamente para erradicar el homicidio, el feminicidio y el asalto a carreteras.<\/p>\n<p>&nbsp;<\/p>\n<p>Ram\u00edrez Aguilar anunci\u00f3 que, el pr\u00f3ximo 8 de enero, se llevar\u00e1 a cabo una evaluaci\u00f3n para medir los avances en los primeros 30 d\u00edas del gobierno. Adem\u00e1s, inform\u00f3 que se est\u00e1 preparando una reforma para desburocratizar los procesos en los ministerios p\u00fablicos y hacerlos m\u00e1s eficientes.<\/p>\n<p>&nbsp;<\/p>\n<p>En su participaci\u00f3n, el titular de la Fiscal\u00eda General del Estado, Jorge Luis Llaven Abarca, agreg\u00f3 que con el programa Cero Impunidad las viejas pr\u00e1cticas ser\u00e1n erradicadas, y pidi\u00f3 a los hombres y las mujeres de Chiapas que conf\u00eden en esta instituci\u00f3n que est\u00e1 para servir al pueblo.<\/p>\n<p>&nbsp;<\/p>\n<p>El empresario chiapaneco R\u00f3mulo Farrera Escudero mencion\u00f3 que para pacificar a Chiapas es de suma importancia que se mantenga la coordinaci\u00f3n entre los tres niveles de gobierno, as\u00ed como la participaci\u00f3n de la sociedad civil y del empresariado con sus c\u00e1maras y organismos intermedios, quienes, dijo, est\u00e1n dispuestos a apoyar en esta misi\u00f3n.<\/p>\n<p>&nbsp;<\/p>\n<p>Asistieron: el comandante de la 7\u00aa Regi\u00f3n Militar, Jos\u00e9 Joaqu\u00edn Jim\u00e9nez Cueto; el coordinador estatal de la Guardia Nacional en Chiapas, Antonio Hern\u00e1ndez Tejeda; por parte del Congreso del Estado, el diputado presidente de la Mesa Directiva, Luis Ignacio Avenda\u00f1o Berm\u00fadez; y el diputado presidente de la Junta de Coordinaci\u00f3n Pol\u00edtica, Mario Guill\u00e9n Guillen; el presidente del Poder Judicial del Estado, Juan Carlos Moreno Guill\u00e9n; y el alcalde de Tuxtla Guti\u00e9rrez, Angel Torres Culebro.<\/p>\n<p>&nbsp;<\/p>\n<p>Asimismo, el secretario ejecutivo del Sistema Estatal de Seguridad P\u00fablica, Jos\u00e9 Domingo Bezares V\u00e1zquez; el secretario de Humanismo, Francisco Chac\u00f3n S\u00e1nchez; la secretaria Anticorrupci\u00f3n y Buen Gobierno, Ana Laura Romero Basurto; el titular del Centro estatal de Control de Confianza, Jos\u00e9 Alonso Llaven Villarreal; y el auditor superior del Estado, Jos\u00e9 Antonio Aguilar Meza.<\/p>\n<p>&nbsp;<\/p>\n","protected":false},"excerpt":{"rendered":"<p>&nbsp; El gobernador Eduardo Ram\u00edrez Aguilar encabez\u00f3 la presentaci\u00f3n del programa Cero Impunidad, una estrategia&#8230;<\/p>\n","protected":false},"author":2,"featured_media":29543,"comment_status":"closed","ping_status":"closed","sticky":false,"template":"","format":"standard","meta":{"_joinchat":[],"footnotes":""},"categories":[18,1,2,3],"tags":[],"class_list":["post-29542","post","type-post","status-publish","format-standard","has-post-thumbnail","hentry","category-almomento","category-boletin","category-estado","category-health"],"_links":{"self":[{"href":"https:\/\/icoinformativo.mx\/home\/index.php?rest_route=\/wp\/v2\/posts\/29542","targetHints":{"allow":["GET"]}}],"collection":[{"href":"https:\/\/icoinformativo.mx\/home\/index.php?rest_route=\/wp\/v2\/posts"}],"about":[{"href":"https:\/\/icoinformativo.mx\/home\/index.php?rest_route=\/wp\/v2\/types\/post"}],"author":[{"embeddable":true,"href":"https:\/\/icoinformativo.mx\/home\/index.php?rest_route=\/wp\/v2\/users\/2"}],"replies":[{"embeddable":true,"href":"https:\/\/icoinformativo.mx\/home\/index.php?rest_route=%2Fwp%2Fv2%2Fcomments&post=29542"}],"version-history":[{"count":1,"href":"https:\/\/icoinformativo.mx\/home\/index.php?rest_route=\/wp\/v2\/posts\/29542\/revisions"}],"predecessor-version":[{"id":29544,"href":"https:\/\/icoinformativo.mx\/home\/index.php?rest_route=\/wp\/v2\/posts\/29542\/revisions\/29544"}],"wp:featuredmedia":[{"embeddable":true,"href":"https:\/\/icoinformativo.mx\/home\/index.php?rest_route=\/wp\/v2\/media\/29543"}],"wp:attachment":[{"href":"https:\/\/icoinformativo.mx\/home\/index.php?rest_route=%2Fwp%2Fv2%2Fmedia&parent=29542"}],"wp:term":[{"taxonomy":"category","embeddable":true,"href":"https:\/\/icoinformativo.mx\/home\/index.php?rest_route=%2Fwp%2Fv2%2Fcategories&post=29542"},{"taxonomy":"post_tag","embeddable":true,"href":"https:\/\/icoinformativo.mx\/home\/index.php?rest_route=%2Fwp%2Fv2%2Ftags&post=29542"}],"curies":[{"name":"wp","href":"https:\/\/api.w.org\/{rel}","templated":true}]}}