{"id":29539,"date":"2025-01-03T04:03:08","date_gmt":"2025-01-03T04:03:08","guid":{"rendered":"https:\/\/icoinformativo.mx\/home\/?p=29539"},"modified":"2025-01-03T04:03:08","modified_gmt":"2025-01-03T04:03:08","slug":"anuncian-eduardo-ramirez-y-alma-xochitl-herrera-inicio-de-operaciones-de-la-universidad-nacional-rosario-castellanos","status":"publish","type":"post","link":"https:\/\/icoinformativo.mx\/home\/?p=29539","title":{"rendered":"Anuncian Eduardo Ram\u00edrez y Alma X\u00f3chitl Herrera inicio de operaciones de la Universidad Nacional Rosario Castellanos"},"content":{"rendered":"<p>&nbsp;<\/p>\n<p>El gobernador Eduardo Ram\u00edrez Aguilar y la rectora de la Universidad Nacional Rosario Castellanos, Alma X\u00f3chitl Herrera M\u00e1rquez, anunciaron que en el mes de marzo iniciar\u00e1 operaciones el primer plantel de esta instituci\u00f3n educativa en Chiapas, el cual estar\u00e1 ubicado en el municipio de Comit\u00e1n de Dom\u00ednguez.<\/p>\n<p>&nbsp;<\/p>\n<p>\u201cEs una excelente noticia para las chiapanecas y los chiapanecos. En marzo iniciaremos con todo las actividades acad\u00e9micas en Comit\u00e1n, ofreciendo las diversas carreras de esta importante universidad\u201d, expres\u00f3 el gobernador, quien adem\u00e1s agradeci\u00f3 a la presidenta Claudia Sheinbaum Pardo por su apoyo, calificando su gesto como un acto de gran humanismo y generosidad hacia el pueblo de Chiapas.<\/p>\n<p>&nbsp;<\/p>\n<p>Ram\u00edrez Aguilar destac\u00f3 que la presencia de esta universidad en la entidad representar\u00e1 m\u00faltiples beneficios para las y los j\u00f3venes chiapanecos, ya que les brindar\u00e1 acceso a una educaci\u00f3n de calidad y nuevas oportunidades de desarrollo. En este sentido, hizo un llamado a que no dejen pasar esta oportunidad, ya que no se requerir\u00e1 examen de admisi\u00f3n, ni habr\u00e1 pagos de inscripci\u00f3n ni colegiaturas.<\/p>\n<p>&nbsp;<\/p>\n<p>Por su parte, la rectora de la Universidad Nacional Rosario Castellanos, Alma X\u00f3chitl Herrera M\u00e1rquez, expres\u00f3 su satisfacci\u00f3n por el inicio de actividades de esta primera unidad acad\u00e9mica estatal, la cual, dijo, contribuir\u00e1 al desarrollo social y humano que la sociedad de M\u00e9xico y de Chiapas merece. Indic\u00f3 que se tiene pr\u00e1cticamente mil 500 personas interesadas en iniciar clases bajo este modelo educativo.<\/p>\n<p>&nbsp;<\/p>\n<p>En esta reuni\u00f3n estuvieron presentes: por parte de la Universidad Nacional Rosario Castellanos, el director de Comunicaci\u00f3n Social, Irving Gerardo M\u00e1rquez Monroy; el director de Administraci\u00f3n y Finanzas, Joel Enr\u00edquez Fonseca Alva y la directora de Adquisiciones, Rebeca Jim\u00e9nez Chavarr\u00eda; as\u00ed tambi\u00e9n el diputado presidente de la Mesa Directiva del Congreso del Estado, Luis Ignacio Avenda\u00f1o Berm\u00fadez; la secretaria de Infraestructura, Anakaren G\u00f3mez Zuart; el titular de Consejer\u00eda Jur\u00eddica, Guillermo Nieto Arreola; el director del Instituto de la Infraestructura F\u00edsica Educativa, Carlos Ildelfonso Jim\u00e9nez Trujillo y Fabiola Astudillo Reyes.<\/p>\n","protected":false},"excerpt":{"rendered":"<p>&nbsp; El gobernador Eduardo Ram\u00edrez Aguilar y la rectora de la Universidad Nacional Rosario Castellanos,&#8230;<\/p>\n","protected":false},"author":2,"featured_media":29540,"comment_status":"closed","ping_status":"closed","sticky":false,"template":"","format":"standard","meta":{"_joinchat":[],"footnotes":""},"categories":[18,1,2,3],"tags":[],"class_list":["post-29539","post","type-post","status-publish","format-standard","has-post-thumbnail","hentry","category-almomento","category-boletin","category-estado","category-health"],"_links":{"self":[{"href":"https:\/\/icoinformativo.mx\/home\/index.php?rest_route=\/wp\/v2\/posts\/29539","targetHints":{"allow":["GET"]}}],"collection":[{"href":"https:\/\/icoinformativo.mx\/home\/index.php?rest_route=\/wp\/v2\/posts"}],"about":[{"href":"https:\/\/icoinformativo.mx\/home\/index.php?rest_route=\/wp\/v2\/types\/post"}],"author":[{"embeddable":true,"href":"https:\/\/icoinformativo.mx\/home\/index.php?rest_route=\/wp\/v2\/users\/2"}],"replies":[{"embeddable":true,"href":"https:\/\/icoinformativo.mx\/home\/index.php?rest_route=%2Fwp%2Fv2%2Fcomments&post=29539"}],"version-history":[{"count":1,"href":"https:\/\/icoinformativo.mx\/home\/index.php?rest_route=\/wp\/v2\/posts\/29539\/revisions"}],"predecessor-version":[{"id":29541,"href":"https:\/\/icoinformativo.mx\/home\/index.php?rest_route=\/wp\/v2\/posts\/29539\/revisions\/29541"}],"wp:featuredmedia":[{"embeddable":true,"href":"https:\/\/icoinformativo.mx\/home\/index.php?rest_route=\/wp\/v2\/media\/29540"}],"wp:attachment":[{"href":"https:\/\/icoinformativo.mx\/home\/index.php?rest_route=%2Fwp%2Fv2%2Fmedia&parent=29539"}],"wp:term":[{"taxonomy":"category","embeddable":true,"href":"https:\/\/icoinformativo.mx\/home\/index.php?rest_route=%2Fwp%2Fv2%2Fcategories&post=29539"},{"taxonomy":"post_tag","embeddable":true,"href":"https:\/\/icoinformativo.mx\/home\/index.php?rest_route=%2Fwp%2Fv2%2Ftags&post=29539"}],"curies":[{"name":"wp","href":"https:\/\/api.w.org\/{rel}","templated":true}]}}