{"id":29536,"date":"2025-01-03T03:59:09","date_gmt":"2025-01-03T03:59:09","guid":{"rendered":"https:\/\/icoinformativo.mx\/home\/?p=29536"},"modified":"2025-01-03T03:59:09","modified_gmt":"2025-01-03T03:59:09","slug":"ayuntamiento-de-chapultenango-invita-a-celebrar-el-dia-de-reyes","status":"publish","type":"post","link":"https:\/\/icoinformativo.mx\/home\/?p=29536","title":{"rendered":"Ayuntamiento de Chapultenango invita a celebrar el D\u00eda de Reyes"},"content":{"rendered":"<p>El ayuntamiento de Chapultenango, encabezado por el Lic. Amancio Federico, te invita a celebrar el D\u00eda de Reyes este 6 de enero a partir de las 5:00 pm en la explanada del Parque Central. Habr\u00e1 un gran espect\u00e1culo para todos, con m\u00fasica, shows infantiles de botargas, el payaso Bomb\u00f3n y muchas sorpresas m\u00e1s.<\/p>\n<p>Es una excelente oportunidad para pasar un d\u00eda divertido con tu familia y disfrutar de la magia del D\u00eda de Reyes. No te pierdas esta celebraci\u00f3n especial en Chapultenango. \u00a1Ven y \u00fanete a la fiesta!\u00b9<\/p>\n","protected":false},"excerpt":{"rendered":"<p>El ayuntamiento de Chapultenango, encabezado por el Lic. Amancio Federico, te invita a celebrar el&#8230;<\/p>\n","protected":false},"author":2,"featured_media":29537,"comment_status":"closed","ping_status":"closed","sticky":false,"template":"","format":"standard","meta":{"_joinchat":[],"footnotes":""},"categories":[18,1,2,3],"tags":[],"class_list":["post-29536","post","type-post","status-publish","format-standard","has-post-thumbnail","hentry","category-almomento","category-boletin","category-estado","category-health"],"_links":{"self":[{"href":"https:\/\/icoinformativo.mx\/home\/index.php?rest_route=\/wp\/v2\/posts\/29536","targetHints":{"allow":["GET"]}}],"collection":[{"href":"https:\/\/icoinformativo.mx\/home\/index.php?rest_route=\/wp\/v2\/posts"}],"about":[{"href":"https:\/\/icoinformativo.mx\/home\/index.php?rest_route=\/wp\/v2\/types\/post"}],"author":[{"embeddable":true,"href":"https:\/\/icoinformativo.mx\/home\/index.php?rest_route=\/wp\/v2\/users\/2"}],"replies":[{"embeddable":true,"href":"https:\/\/icoinformativo.mx\/home\/index.php?rest_route=%2Fwp%2Fv2%2Fcomments&post=29536"}],"version-history":[{"count":1,"href":"https:\/\/icoinformativo.mx\/home\/index.php?rest_route=\/wp\/v2\/posts\/29536\/revisions"}],"predecessor-version":[{"id":29538,"href":"https:\/\/icoinformativo.mx\/home\/index.php?rest_route=\/wp\/v2\/posts\/29536\/revisions\/29538"}],"wp:featuredmedia":[{"embeddable":true,"href":"https:\/\/icoinformativo.mx\/home\/index.php?rest_route=\/wp\/v2\/media\/29537"}],"wp:attachment":[{"href":"https:\/\/icoinformativo.mx\/home\/index.php?rest_route=%2Fwp%2Fv2%2Fmedia&parent=29536"}],"wp:term":[{"taxonomy":"category","embeddable":true,"href":"https:\/\/icoinformativo.mx\/home\/index.php?rest_route=%2Fwp%2Fv2%2Fcategories&post=29536"},{"taxonomy":"post_tag","embeddable":true,"href":"https:\/\/icoinformativo.mx\/home\/index.php?rest_route=%2Fwp%2Fv2%2Ftags&post=29536"}],"curies":[{"name":"wp","href":"https:\/\/api.w.org\/{rel}","templated":true}]}}