{"id":29533,"date":"2025-01-03T03:50:39","date_gmt":"2025-01-03T03:50:39","guid":{"rendered":"https:\/\/icoinformativo.mx\/home\/?p=29533"},"modified":"2025-01-03T03:50:39","modified_gmt":"2025-01-03T03:50:39","slug":"desde-la-fge-eduardo-ramirez-y-jorge-llaven-encabezan-la-presentacion-del-programa-cero-impunidad","status":"publish","type":"post","link":"https:\/\/icoinformativo.mx\/home\/?p=29533","title":{"rendered":"Desde la FGE, Eduardo Ram\u00edrez y Jorge Llaven encabezan la presentaci\u00f3n del programa \u201cCero Impunidad\u201d"},"content":{"rendered":"<p>&nbsp;<\/p>\n<p>\u2022 El Gobernador y el Fiscal General destacaron que se recuperar\u00e1 la confianza del pueblo en las instituciones<br \/>\n\u2022 Cero Impunidad ser\u00e1 la gu\u00eda para cada integrante de la Fiscal\u00eda, asegur\u00f3 Jorge Llaven<\/p>\n<p>El Fiscal General del Estado, Jorge Luis Llaven Abarca, y el gobernador Eduardo Ram\u00edrez Aguilar, encabezaron la presentaci\u00f3n del programa \u201cCero Impunidad\u201d desde las instalaciones de la Fiscal\u00eda General del Estado.<\/p>\n<p>En este marco, el Fiscal General se\u00f1al\u00f3 que esta estrategia naci\u00f3 de una demanda ciudadana en los foros que se realizaron meses atr\u00e1s para conocer el sentir de la gente, que puso en primer lugar la preocupaci\u00f3n por la violencia e inseguridad, y en segundo, el combate a la corrupci\u00f3n y a la impunidad, es decir, que no haya ausencia de castigo a quien cometa un delito.<\/p>\n<p>\u201cQuienes nos dedicamos a trabajar en el \u00e1mbito de procurar justicia llevemos este mensaje en nuestra mente: Cero Impunidad. Por ello, exhorto a cada integrante de la Fiscal\u00eda General del Estado a atender al pueblo con honestidad, responsabilidad, pero sobre todo, con sentido humano, para que la gente vuelva a confiar en esta noble instituci\u00f3n. \u00a1Cero Impunidad ser\u00e1 nuestra frase!, \u00a1Cero Impunidad ser\u00e1 nuestro lema!, \u00a1Cero Impunidad debe ser nuestra gu\u00eda en el camino diario!\u201d, enfatiz\u00f3.<\/p>\n<p>En tanto, el gobernador Eduardo Ram\u00edrez destac\u00f3 que para lograr este objetivo de combate a la impunidad, se han incorporado herramientas tecnol\u00f3gicas y se establecer\u00e1 un sistema de bonos adicionales para los ministerios p\u00fablicos y fiscal\u00edas de Distrito, a fin de que tengan mejor rendimiento, por ello, acot\u00f3, no se van a regatear los salarios de ninguna corporaci\u00f3n policiaca, con el objetivo de mejorar su capacidad para combatir la delincuencia.<\/p>\n<p>\u201cNuestro compromiso es generar credibilidad en las instituciones, y para ello, estamos trabajando arduamente para erradicar el homicidio, el femenicidio y el asalto a carreteras. Nuestra estrategia se centra en el combate frontal a la delincuencia; estamos dando el pecho y voy de frente porque los delincuentes deben saber que la impunidad se acab\u00f3. Para el 8 de enero, tendremos una evaluaci\u00f3n positiva de nuestros logros en los primeros 30 d\u00edas\u201d, puntualiz\u00f3.<\/p>\n<p>Al manifestar su confianza en esta estrategia, el presidente de Grupo Farrera, R\u00f3mulo Farrera Escudero, apunt\u00f3 que es necesario cerrar filas y que todas y todos hagan propio el principio de Cero Impunidad, como un eje rector para pacificar a Chiapas. \u201cEs necesaria la participaci\u00f3n y coordinaci\u00f3n de los tres \u00f3rdenes de gobierno, as\u00ed como la participaci\u00f3n de la sociedad civil, destacando al empresariado con sus c\u00e1maras y organismos\u201d.<\/p>\n","protected":false},"excerpt":{"rendered":"<p>&nbsp; \u2022 El Gobernador y el Fiscal General destacaron que se recuperar\u00e1 la confianza del&#8230;<\/p>\n","protected":false},"author":2,"featured_media":29534,"comment_status":"closed","ping_status":"closed","sticky":false,"template":"","format":"standard","meta":{"_joinchat":[],"footnotes":""},"categories":[18,1,2,3],"tags":[],"class_list":["post-29533","post","type-post","status-publish","format-standard","has-post-thumbnail","hentry","category-almomento","category-boletin","category-estado","category-health"],"_links":{"self":[{"href":"https:\/\/icoinformativo.mx\/home\/index.php?rest_route=\/wp\/v2\/posts\/29533","targetHints":{"allow":["GET"]}}],"collection":[{"href":"https:\/\/icoinformativo.mx\/home\/index.php?rest_route=\/wp\/v2\/posts"}],"about":[{"href":"https:\/\/icoinformativo.mx\/home\/index.php?rest_route=\/wp\/v2\/types\/post"}],"author":[{"embeddable":true,"href":"https:\/\/icoinformativo.mx\/home\/index.php?rest_route=\/wp\/v2\/users\/2"}],"replies":[{"embeddable":true,"href":"https:\/\/icoinformativo.mx\/home\/index.php?rest_route=%2Fwp%2Fv2%2Fcomments&post=29533"}],"version-history":[{"count":1,"href":"https:\/\/icoinformativo.mx\/home\/index.php?rest_route=\/wp\/v2\/posts\/29533\/revisions"}],"predecessor-version":[{"id":29535,"href":"https:\/\/icoinformativo.mx\/home\/index.php?rest_route=\/wp\/v2\/posts\/29533\/revisions\/29535"}],"wp:featuredmedia":[{"embeddable":true,"href":"https:\/\/icoinformativo.mx\/home\/index.php?rest_route=\/wp\/v2\/media\/29534"}],"wp:attachment":[{"href":"https:\/\/icoinformativo.mx\/home\/index.php?rest_route=%2Fwp%2Fv2%2Fmedia&parent=29533"}],"wp:term":[{"taxonomy":"category","embeddable":true,"href":"https:\/\/icoinformativo.mx\/home\/index.php?rest_route=%2Fwp%2Fv2%2Fcategories&post=29533"},{"taxonomy":"post_tag","embeddable":true,"href":"https:\/\/icoinformativo.mx\/home\/index.php?rest_route=%2Fwp%2Fv2%2Ftags&post=29533"}],"curies":[{"name":"wp","href":"https:\/\/api.w.org\/{rel}","templated":true}]}}