{"id":28220,"date":"2024-11-12T02:52:25","date_gmt":"2024-11-12T02:52:25","guid":{"rendered":"https:\/\/icoinformativo.mx\/home\/?p=28220"},"modified":"2024-11-12T02:52:42","modified_gmt":"2024-11-12T02:52:42","slug":"asiste-rutilio-escandon-a-reunion-de-seguimiento-a-la-implementacion-del-imss-bienestar-encabezada-por-claudia-sheinbaum","status":"publish","type":"post","link":"https:\/\/icoinformativo.mx\/home\/?p=28220","title":{"rendered":"ASISTE RUTILIO ESCAND\u00d3N A REUNION DE SEGUIMIENTO A LA IMPLEMENTACI\u00d3N DEL IMSS-BIENESTAR ENCABEZADA POR CLAUDIA SHEINBAUM"},"content":{"rendered":"<p>&nbsp;<\/p>\n<p>\u2022 Se revisaron los avances de esta estrategia; asistieron gobernadoras y gobernadores de las entidades que han suscrito el convenio para implementar el IMSS Bienestar<br \/>\n\u2022 El gobernador asegur\u00f3 que, hasta el \u00faltimo d\u00eda de su gobierno, trabajar\u00e1 en unidad con la Federaci\u00f3n para garantizar el derecho humano de las y los chiapanecos de acceder a servicios de salud dignos<\/p>\n<p>El gobernador Rutilio Escand\u00f3n Cadenas asisti\u00f3 a la reuni\u00f3n de seguimiento sobre la implementaci\u00f3n del Programa IMSS-Bienestar, que se realiz\u00f3 en Palacio Nacional y estuvo encabezada por la presidenta de la Rep\u00fablica, Claudia Sheinbaum Pardo, donde se revisaron los avances de esta estrategia.<br \/>\nEn el encuentro tambi\u00e9n estuvieron presentes el director general del Instituto Mexicano del Seguro Social (IMSS), Zo\u00e9 Robledo; el titular del IMSS Bienestar, Alejandro Svarch; el secretario de Salud, David Kershenobich; y el titular del Instituto de Seguridad y Servicios Sociales de los Trabajadores del Estado (Issste), Mart\u00ed Batres, as\u00ed como gobernadoras y gobernadores de las entidades que han suscrito el convenio para implementar el IMSS Bienestar.<br \/>\nEn ese marco, el mandatario chiapaneco subray\u00f3 que la suma de esfuerzos y recursos para seguir transformando los servicios de salud es uno de los grandes aciertos de la Cuarta Transformaci\u00f3n, toda vez que se ofrece a la poblaci\u00f3n no solo infraestructura digna, insumos, personal y medicamento suficientes, sino atenci\u00f3n de calidad y con calidez.<br \/>\nPrecis\u00f3 que se han puesto bases firmes para estar a la altura de lo que necesita el pueblo, pero, sobre todo, para que se garantice un trato igualitario y humanista, y un servicio gratuito y universal, tanto en las zonas urbanas como rurales, lo que permitir\u00e1 que M\u00e9xico y Chiapas sigan caminando hacia el progreso y la transformaci\u00f3n, bajo el liderazgo de la presidenta Claudia Sheinbaum.<br \/>\nFinalmente, el mandatario estatal sostuvo que, hasta el \u00faltimo d\u00eda de su gobierno, trabajar\u00e1 con compromiso, unidad y en corresponsabilidad con la Federaci\u00f3n, a fin de garantizar el derecho humano de las chiapanecas y los chiapanecos de acceder a servicios de salud dignos.<br \/>\nEstuvieron presentes: autoridades federales, las y los gobernadores de Baja California, Marina del Pilar \u00c1vila; de Sonora, Alfonso Durazo; de Hidalgo, Julio Menchaca; de Veracruz, Roc\u00edo Nahle; de Zacatecas, David Monreal; de Tlaxcala, Lorena Cu\u00e9llar; del Estado de M\u00e9xico, Delfina G\u00f3mez; de San Luis Potos\u00ed, Ricardo Gallardo; de Guerrero, Evelyn Salgado; de Yucat\u00e1n, Joaqu\u00edn D\u00edaz Mena; de Oaxaca, Salom\u00f3n Jara; y la jefa de Gobierno de la Ciudad de M\u00e9xico, Clara Brugada.<br \/>\nAsimismo, se dieron cita el gobernador electo de Chiapas, Eduardo Ram\u00edrez; Layda Sansores, gobernadora de Campeche; V\u00edctor Manuel Castro Cos\u00edo, de Baja California Sur; Javier May, de Tabasco; Indira Vizca\u00edno, de Colima; Mara Lezama, de Quintana Roo; Rub\u00e9n Rocha Moya, de Sinaloa; Miguel \u00c1ngel Navarro, de Nayarit; Sergio Salom\u00f3n, de Puebla; y Alfredo Ram\u00edrez, de Michoac\u00e1n.<\/p>\n","protected":false},"excerpt":{"rendered":"<p>&nbsp; \u2022 Se revisaron los avances de esta estrategia; asistieron gobernadoras y gobernadores de las&#8230;<\/p>\n","protected":false},"author":2,"featured_media":28221,"comment_status":"closed","ping_status":"closed","sticky":false,"template":"","format":"standard","meta":{"_joinchat":[],"footnotes":""},"categories":[18,1,2,3],"tags":[],"class_list":["post-28220","post","type-post","status-publish","format-standard","has-post-thumbnail","hentry","category-almomento","category-boletin","category-estado","category-health"],"_links":{"self":[{"href":"https:\/\/icoinformativo.mx\/home\/index.php?rest_route=\/wp\/v2\/posts\/28220","targetHints":{"allow":["GET"]}}],"collection":[{"href":"https:\/\/icoinformativo.mx\/home\/index.php?rest_route=\/wp\/v2\/posts"}],"about":[{"href":"https:\/\/icoinformativo.mx\/home\/index.php?rest_route=\/wp\/v2\/types\/post"}],"author":[{"embeddable":true,"href":"https:\/\/icoinformativo.mx\/home\/index.php?rest_route=\/wp\/v2\/users\/2"}],"replies":[{"embeddable":true,"href":"https:\/\/icoinformativo.mx\/home\/index.php?rest_route=%2Fwp%2Fv2%2Fcomments&post=28220"}],"version-history":[{"count":2,"href":"https:\/\/icoinformativo.mx\/home\/index.php?rest_route=\/wp\/v2\/posts\/28220\/revisions"}],"predecessor-version":[{"id":28223,"href":"https:\/\/icoinformativo.mx\/home\/index.php?rest_route=\/wp\/v2\/posts\/28220\/revisions\/28223"}],"wp:featuredmedia":[{"embeddable":true,"href":"https:\/\/icoinformativo.mx\/home\/index.php?rest_route=\/wp\/v2\/media\/28221"}],"wp:attachment":[{"href":"https:\/\/icoinformativo.mx\/home\/index.php?rest_route=%2Fwp%2Fv2%2Fmedia&parent=28220"}],"wp:term":[{"taxonomy":"category","embeddable":true,"href":"https:\/\/icoinformativo.mx\/home\/index.php?rest_route=%2Fwp%2Fv2%2Fcategories&post=28220"},{"taxonomy":"post_tag","embeddable":true,"href":"https:\/\/icoinformativo.mx\/home\/index.php?rest_route=%2Fwp%2Fv2%2Ftags&post=28220"}],"curies":[{"name":"wp","href":"https:\/\/api.w.org\/{rel}","templated":true}]}}